{"id":1579,"date":"2025-03-04T18:27:45","date_gmt":"2025-03-04T18:27:45","guid":{"rendered":"https:\/\/horizontemultipolar.com\/?p=1579"},"modified":"2025-03-04T18:27:47","modified_gmt":"2025-03-04T18:27:47","slug":"egoismos-imperiales","status":"publish","type":"post","link":"https:\/\/horizontemultipolar.com\/en\/egoismos-imperiales\/","title":{"rendered":"Ego\u00edsmos imperiales"},"content":{"rendered":"<p><em>Publicado en el marco del acuerdo de cooperaci\u00f3n entre Cuba Debate y Horizonte Multipolar<\/em>.<\/p>\n\n\n\n<p class=\"has-medium-font-size\"><strong>Por Randy Alonso Falc\u00f3n<\/strong>*<\/p>\n\n\n\n<p class=\"has-medium-font-size\"><em>\u201cLa renta imperialista beneficia a toda la sociedad en un grado u otro, lo que no excluye la precarizaci\u00f3n del trabajo, el paro, y otros problemas sociales no menos graves. Proporciona la base para la negaci\u00f3n del internacionalismo, porque es la base para una posici\u00f3n ego\u00edsta.\u00a0 Podr\u00edamos hablar de racismo, aunque no es exactamente racista, sino ego\u00edsmo, ego\u00edsmo nacionalista por parte de los pueblos del centro y antinacionalista en los pueblos de la periferia\u201d<\/em><br><em>Samir Am\u00edn<\/em><br><em>Entrevista con El Viejo Topo, 2010<\/em><\/p>\n\n\n\n<p class=\"has-medium-font-size\">Mientras el show <a href=\"https:\/\/horizontemultipolar.com\/en\/negociaciones-entre-trump-y-putin-crecen-los-desafios-geopoliticos-para-la-union-europea\/\"><mark style=\"background-color:#8ed1fc\" class=\"has-inline-color\">Trump<\/mark><\/a>-Zelensky se roba los titulares, provocando el morbo pol\u00edtico y medi\u00e1tico, y los mandatarios europeos acuerdan nuevos miles de millones de d\u00f3lares para sostener al gobierno de <a href=\"https:\/\/horizontemultipolar.com\/en\/orsi-tendra-una-posicion-mas-neutral-en-relacion-al-conflicto-en-ucrania\/\"><mark style=\"background-color:#8ed1fc\" class=\"has-inline-color\">Ucrania<\/mark><\/a>, otras noticias importantes se deslizan, dejando huellas profundas en buena parte de la humanidad, sin que provoquen tanto espaviento y reflexi\u00f3n.<\/p>\n\n\n\n<p class=\"has-medium-font-size\"><strong>La decadencia imperial, el resquebrajamiento del sistema internacional erigido tras el final de la Segunda Guerra Mundial, el fin de la hegemon\u00eda absoluta de Washington proclamada tras la ca\u00edda del muro en Berl\u00edn, llevan al mundo a la deriva del ego\u00edsmo, la desigualdad creciente y la elevaci\u00f3n acelerada del gasto militar,<\/strong>&nbsp;para intentar sostener al menos el predominio sobre el resto del planeta asfixiado y esquilmado.<\/p>\n\n\n\n<p class=\"has-medium-font-size\">Cuando la Tierra ebulle en las temperaturas crecientes, que implantan r\u00e9cord a\u00f1o tras a\u00f1o, y los cient\u00edficos m\u00e1s l\u00facidos claman por el cambio de los modelos de consumo y las pr\u00e1cticas que aceleran el cambio clim\u00e1tico y el calentamiento global, la nueva presidencia del imperio estadounidense, financiada en parte por las grandes petroleras de esa naci\u00f3n, echa por el tragante las pol\u00edticas ambientales de la naci\u00f3n que ha grabado la huella ambiental m\u00e1s profunda de los \u00faltimos cien a\u00f1os, desconoce la ciencia erigida sobre el cambio clim\u00e1tico y proclama \u201cdrill baby, drill\u201d (perfora chico, perfora).<\/p>\n\n\n\n<p class=\"has-medium-font-size\"><strong>Una de las primeras medidas del magnate presidente fue retirar a EEUU del Acuerdo de Par\u00eds sobre el Cambio Clim\u00e1tico. Ello no es s\u00f3lo una decisi\u00f3n pol\u00edtica, significa tambi\u00e9n el retiro de los fondos que EEUU proporcionaba en concepto de financiaci\u00f3n para proyectos sobre el clima y que beneficiaban en parte a naciones subdesarrolladas.<\/strong><\/p>\n\n\n\n<p class=\"has-medium-font-size\">El gobierno de Biden aprob\u00f3 leyes que inyectaron cientos de miles de millones de d\u00f3lares a la transici\u00f3n energ\u00e9tica, seg\u00fan Bloomberg. Todo ello se va a bolina. Aunque en verdad, China destin\u00f3 en 2024 m\u00e1s recursos a esa transici\u00f3n de las energ\u00edas de combustibles f\u00f3siles a las de fuentes renovables que <a href=\"https:\/\/horizontemultipolar.com\/en\/canciller-de-cuba-denuncia-nuevo-ataque-de-eeuu-a-cooperacion-medica-cubana\/\"><mark style=\"background-color:#8ed1fc\" class=\"has-inline-color\">EEUU<\/mark><\/a>, Reino Unido y la Uni\u00f3n Europea juntos.<\/p>\n\n\n\n<p class=\"has-medium-font-size\">A la melod\u00eda antiambiental de Trump se han sumado grandes empresas financieras que hasta hoy intentaban darse un barniz verde en el valor de sus marcas y servicios.<strong>&nbsp;Ante la presi\u00f3n pol\u00edtica de la Casa Blanca y los obst\u00e1culos legales que aparecen, son varias las que se han retirado aceleradamente de los llamados fondos ambientales, casi a la par de que la Organizaci\u00f3n Meteorol\u00f3gica Mundial confirmara que el 2024 fue el a\u00f1o m\u00e1s caliente de la historia, al superar en 1.55 grados cent\u00edgrados los niveles preindustriales.<\/strong><\/p>\n\n\n\n<p class=\"has-medium-font-size\">En diciembre pasado, Goldman Sachs, Wells Fargo, Citigroup y Bank of America se retiraron de la Net-Zero Banking Alliance (NZBA), una iniciativa respaldada por las Naciones Unidas que busca alinear las actividades financieras globales con el objetivo de emisiones netas cero para 2050.<\/p>\n\n\n\n<p class=\"has-medium-font-size\">Por su parte, JP Morgan, BlacRock, State Street, ScotiaBank y Pimco, grandes firmas financieras estadounidenses, acaban de retirarse del del Climate Action 100+, una coalici\u00f3n internacional de gestores de dinero para planes ambientales y de promoci\u00f3n de la responsabilidad ambiental de las empresas, aduciendo nimias justificaciones. Tras ellos se alinearon instituciones financieras de Canad\u00e1.<\/p>\n\n\n\n<p class=\"has-medium-font-size\">\u201cSiempre fue cosm\u00e9tico\u201d, opina Shivaram Rajgopal, profesor de la Escuela de Negocios de la Universidad de Columbia. \u201cSi firmar un papel les estaba dando dificultades a estas empresas, no es de extra\u00f1ar que se hayan retirado\u201d. Por su parte, la directora ejecutiva del Climate Group, Helen Clarkson considera que \u201c\u2026para las empresas estadounidenses hay mucho m\u00e1s miedo a los focos, simplemente no quieren poner la cabeza por encima del parapeto\u201d<\/p>\n\n\n\n<h3 class=\"wp-block-heading has-medium-font-size\">Un solo entre ahogos y condones<\/h3>\n\n\n\n<p class=\"has-medium-font-size\"><strong>El \u201cAmerica First\u201d que proclam\u00f3 Trump desde 2016 es la filosof\u00eda que conduce al gobierno plutocr\u00e1tico que preside. Una \u201cAmerica\u201d para los multimillonarios \u201cFirst\u201d.<\/strong>&nbsp;Sus intereses son los que prevalecen. En tiempos de un imperio ahogado en deudas, inflaci\u00f3n, amenazas a su seguridad energ\u00e9tica, contestado en su poder\u00edo global y con serias fracturas internas, les importa un bledo si el mundo se va a la deriva. Sus fortunas es lo que hay que salvar, imperio mediante.<\/p>\n\n\n\n<p class=\"has-medium-font-size\">No s\u00f3lo no habr\u00e1 m\u00e1s dinero para las acciones clim\u00e1ticas (olvidando que nuestro mundo es un gran Titanic en el que nos hundiremos todos), sino que en general se cortar\u00e1n los fondos para los programas de ayuda al exterior.<\/p>\n\n\n\n<p class=\"has-medium-font-size\">Bajo acusaciones de mal uso y corrupci\u00f3n (que la hay por montones), el binomio Trump-Musk cercen\u00f3 la <a href=\"https:\/\/horizontemultipolar.com\/en\/periodismo-a-la-venta-wikileaks-revela-como-la-usaid-financio-a-medios-independientes-en-el-espacio-post-sovietico\/\"><mark style=\"background-color:#8ed1fc\" class=\"has-inline-color\">USAID<\/mark><\/a>, no s\u00f3lo como vendetta pol\u00edtica -sacando a la luz buena parte de los planes imperiales de subversi\u00f3n por el mundo-, sino que tambi\u00e9n se enterraron la mayor parte de los programas de ayuda exterior que sosten\u00eda el gobierno de Estados Unidos.<\/p>\n\n\n\n<p class=\"has-medium-font-size\">\u201c\u00bfTodo el mundo sabe lo que es un cond\u00f3n?\u201d, preguntaba Trump a una audiencia en Miami hace unos d\u00edas, para acto seguido mentir alevosamente diciendo que hab\u00eda que acabar con planes derrochadores como el que gast\u00f3 100 millones de d\u00f3lares en condones para <a href=\"https:\/\/horizontemultipolar.com\/en\/comienzan-las-negociaciones-entre-israel-y-hamas-en-egipto\/\"><mark style=\"background-color:#8ed1fc\" class=\"has-inline-color\">Ham\u00e1s<\/mark><\/a>.<\/p>\n\n\n\n<p class=\"has-medium-font-size\"><strong>Adem\u00e1s de dejar sin empleo a unos cuantos agentes encubiertos de la CIA que actuaban como oficiales de la USAID en numerosos pa\u00edses, la decisi\u00f3n de la Casa Blanca elimin\u00f3 unos 5800 programas que incluyen campa\u00f1as de vacunaci\u00f3n y de educaci\u00f3n sanitaria, tratamientos contra el VIH, acciones de control de la malaria en pa\u00edses africanos<\/strong>, entregas de medicamentos para prevenir y tratar enfermedades tropicales desatendidas en \u00c1frica Occidental, suministros de alimentos a poblaciones con desnutrici\u00f3n grave y aguda, y otros programas de lavado de culpas y de rostro del imperio, pero que dejaban sus beneficios en millones de personas en el mundo.<\/p>\n\n\n\n<p class=\"has-medium-font-size\">\u201cSe da fin a esta adjudicaci\u00f3n por conveniencia e inter\u00e9s del gobierno estadounidense\u201d rezaba en su introducci\u00f3n el comunicado del Departamento de Estado enviado a las organizaciones que recib\u00edan financiamiento de la USAID para esos programas humanitarios.<\/p>\n\n\n\n<p class=\"has-medium-font-size\">\u201cMorir\u00e1 gente\u201d, dijo Catherine Kyobutungi, directora ejecutiva del Centro Africano de Investigaciones sobre Poblaci\u00f3n y Salud, \u201cpero nunca lo sabremos, porque se han cortado incluso los programas para contar a los muertos\u201d<\/p>\n\n\n\n<h3 class=\"wp-block-heading has-medium-font-size\">Un corifeo peor<\/h3>\n\n\n\n<p class=\"has-medium-font-size\">Washington suelta lastre hacia abajo y hacia el lado. Desde el primer minuto, Trump ha advertido a Europa que se acabaron los tiempos en que EEUU hac\u00eda de garante militar de esa regi\u00f3n, asumiendo gastos multimillonarios. \u00a1Qu\u00e9 incrementen su gasto militar!, los conmina el mandatario estadounidense y los gobiernos del Viejo Continente se halan los pelos.<\/p>\n\n\n\n<p class=\"has-medium-font-size\">Borrados los programas de bienestar, en buena parte, por la goma brutal del neoliberalismo, estancadas sus econom\u00edas y golpeados por la crisis energ\u00e9tica como resultado de su apuesta perdedora en la contienda de Ucrania, los gobiernos europeos levantan \u201cel fantasma ruso\u00bb (como antes fue el sovi\u00e9tico), para convencer a sus sociedades de que hay que gastar m\u00e1s en armamentos.<\/p>\n\n\n\n<p class=\"has-medium-font-size\"><strong>Como ya hay poco de d\u00f3nde cortar en los menguados presupuestos estatales, la \u201cmotosierra\u201d se ha virado para las ayudas internacionales.<\/strong>&nbsp;La pasada semana, el gobierno brit\u00e1nico anunci\u00f3 que su pa\u00eds cumplir\u00e1 con las exigencias de Trump y elevar\u00e1 el gasto militar en 2027 a un 2,5% del Producto Interno Bruto. Es el mayor incremento de esa partida desde el fin de la Segunda Guerra Mundial.<\/p>\n\n\n\n<p class=\"has-medium-font-size\">El primer ministro Keir Starmer dijo que tal incremento, de decenas de miles de millones de d\u00f3lares, se financiar\u00e1 con un recorte pronunciado de la ayuda humanitaria internacional. La decisi\u00f3n, afirm\u00f3, es necesaria para brindar apoyo en medio de una \u201cnueva era\u201d.<\/p>\n\n\n\n<p class=\"has-medium-font-size\">Atr\u00e1s qued\u00f3 la promesa del Partido Laborista, fuerza pol\u00edtica del premier, de aumentar del 0,5% al 0,7% la ayuda al exterior en cuanto \u201clas condiciones fiscales lo permitieran\u201d.<\/p>\n\n\n\n<p class=\"has-medium-font-size\">Los aplausos entusiastas del mando militar brit\u00e1nico y en la Casa Blanca, se traducen en recortes o desaparici\u00f3n de programas de asistencia m\u00e9dica, educaci\u00f3n, alimentos, prevenci\u00f3n de desastres, conservaci\u00f3n ambiental, agricultura y desarrollo econ\u00f3mico en m\u00e1s de 100 pa\u00edses.<\/p>\n\n\n\n<p class=\"has-medium-font-size\">\u201cEs una actitud miope y un error estrat\u00e9gico y moral\u201d, dijo la legisladora Monica Harding, pensando en aquello de que \u201cdar\u00e1 m\u00e1s influencia a Rusia y a China\u201d. Y eso es lo que vale en el pensamiento pol\u00edtico de los centros imperiales, qui\u00e9n se reparte el pastel, no importa que hayan miles de millones que se quedar\u00e1n sin fiesta.<\/p>\n\n\n\n<h3 class=\"wp-block-heading has-medium-font-size\">Los desiguales<\/h3>\n\n\n\n<p class=\"has-medium-font-size\">En el mundo del capital el ego\u00edsmo el ley. Mientras 3.600 millones de personas permanecen bajo el umbral de la pobreza, la riqueza conjunta de los milmillonarios del mundo creci\u00f3 en 2 billones de d\u00f3lares durante 2024, seg\u00fan un informe de OXFAM International.<\/p>\n\n\n\n<p class=\"has-medium-font-size\"><strong>La desigualdad que hoy existe tiene \u201cla marca del brutal pasado colonial\u201d, remarca ese informe. El sistema actual sigue extrayendo la riqueza del sur global, a un ritmo de 30 millones de d\u00f3lares por hora, en beneficio del 1% m\u00e1s rico de la poblaci\u00f3n que reside mayoritariamente en el Norte global.<\/strong>&nbsp;A la vez, la mayor parte de los pa\u00edses registran tendencias negativas en las pol\u00edticas de lucha contra la desigualdad, de acuerdo con el Indice de compromiso con la reducci\u00f3n de la desigualdad, elaborado por OXFAM y Develoment Finance International. Se necesitar\u00edan 230 a\u00f1os para erradicar la pobreza a los ritmos actuales de reducci\u00f3n<\/p>\n\n\n\n<p class=\"has-medium-font-size\">Y mientras la brecha y el saqueo crecen, la ayuda al desarrollo de los pa\u00edses ricos sufre fuertes tijeretazos imp\u00fadicos. \u201cEl problema no es cu\u00e1ntos somos en el mundo, sino qu\u00e9 mundo estamos construyendo\u201d, ha dicho el Papa Francisco. \u201c\u2026No son los hijos, sino el ego\u00edsmo, el que crea injusticias y estructuras de pecado\u201d.<\/p>\n\n\n\n<p class=\"has-medium-font-size\">El senador estadounidense Brnie Sanders sintetiz\u00f3 , en el informe de OXFAM, la dura realidad a la que el mundo hace frente, en apenas cinco puntos:<\/p>\n\n\n\n<blockquote class=\"wp-block-quote is-layout-flow wp-block-quote-is-layout-flow\">\n<p class=\"has-medium-font-size\">\u2022 Nunca antes en la historia de la humanidad un grupo tan reducido de personas hab\u00eda pose\u00eddo tanta riqueza.<br>\u2022 Nunca antes en la historia de la humanidad hab\u00eda existido una desigualdad de ingresos y riqueza de esta magnitud.<br>\u2022 Nunca antes en la historia de la humanidad se hab\u00eda producido una concentraci\u00f3n de la propiedad tan extrema.<br>\u2022 Nunca antes en la historia de la humanidad la \u00e9lite de los milmillonarios hab\u00eda disfrutado de tanto poder pol\u00edtico.<br>\u2022 Y nunca antes en la historia de la humanidad hab\u00edamos presenciado este nivel sin precedentes de avaricia, arrogancia e irresponsabilidad por parte de la clase dirigente.<\/p>\n<\/blockquote>\n\n\n\n<p class=\"has-medium-font-size\">Los tiempos oscuros que vivimos est\u00e1n signados por el ego\u00edsmo.&nbsp;<strong>\u00bfDejaremos impasibles que el poder de muy pocos impere sobre el bienestar de tantos?<\/strong><\/p>\n\n\n\n<p class=\"has-medium-font-size\">* <em>Randy Alonso Falc\u00f3n es periodista cubano, Director General de IDEAS Multimedios y del portal web Cubadebate, el sitio Fidel Soldado de las Ideas y del programa de la Televisi\u00f3n Cubana \u00abMesa Redonda\u00bb<\/em>.<\/p>","protected":false},"excerpt":{"rendered":"<p>Publicado en el marco del acuerdo de cooperaci\u00f3n entre Cuba Debate y Horizonte Multipolar. Por Randy Alonso Falc\u00f3n* \u201cLa renta imperialista beneficia a toda la sociedad en un grado u otro, lo que no excluye la precarizaci\u00f3n del trabajo, el paro, y otros problemas sociales no menos graves. Proporciona la base para la negaci\u00f3n del [&hellip;]<\/p>\n","protected":false},"author":2,"featured_media":1580,"comment_status":"open","ping_status":"open","sticky":false,"template":"","format":"standard","meta":{"footnotes":""},"categories":[],"tags":[],"class_list":["post-1579","post","type-post","status-publish","format-standard","has-post-thumbnail","hentry"],"yoast_head":"<!-- This site is optimized with the Yoast SEO plugin v27.4 - https:\/\/yoast.com\/product\/yoast-seo-wordpress\/ -->\n<title>Ego\u00edsmos imperiales - Horizonte Multipolar<\/title>\n<meta name=\"robots\" content=\"index, follow, max-snippet:-1, max-image-preview:large, max-video-preview:-1\" \/>\n<link rel=\"canonical\" href=\"https:\/\/horizontemultipolar.com\/en\/egoismos-imperiales\/\" \/>\n<meta property=\"og:locale\" content=\"en_US\" \/>\n<meta property=\"og:type\" content=\"article\" \/>\n<meta property=\"og:title\" content=\"Ego\u00edsmos imperiales - Horizonte Multipolar\" \/>\n<meta property=\"og:description\" content=\"Publicado en el marco del acuerdo de cooperaci\u00f3n entre Cuba Debate y Horizonte Multipolar. Por Randy Alonso Falc\u00f3n* \u201cLa renta imperialista beneficia a toda la sociedad en un grado u otro, lo que no excluye la precarizaci\u00f3n del trabajo, el paro, y otros problemas sociales no menos graves. Proporciona la base para la negaci\u00f3n del [&hellip;]\" \/>\n<meta property=\"og:url\" content=\"https:\/\/horizontemultipolar.com\/en\/egoismos-imperiales\/\" \/>\n<meta property=\"og:site_name\" content=\"Horizonte Multipolar\" \/>\n<meta property=\"article:published_time\" content=\"2025-03-04T18:27:45+00:00\" \/>\n<meta property=\"article:modified_time\" content=\"2025-03-04T18:27:47+00:00\" \/>\n<meta property=\"og:image\" content=\"https:\/\/horizontemultipolar.com\/wp-content\/uploads\/2025\/03\/egoismo-y-pobreza-580x483-1.png\" \/>\n\t<meta property=\"og:image:width\" content=\"580\" \/>\n\t<meta property=\"og:image:height\" content=\"483\" \/>\n\t<meta property=\"og:image:type\" content=\"image\/png\" \/>\n<meta name=\"author\" content=\"Fabian Cadozo\" \/>\n<meta name=\"twitter:card\" content=\"summary_large_image\" \/>\n<meta name=\"twitter:label1\" content=\"Written by\" \/>\n\t<meta name=\"twitter:data1\" content=\"Fabian Cadozo\" \/>\n\t<meta name=\"twitter:label2\" content=\"Est. reading time\" \/>\n\t<meta name=\"twitter:data2\" content=\"9 minutes\" \/>\n<script type=\"application\/ld+json\" class=\"yoast-schema-graph\">{\"@context\":\"https:\\\/\\\/schema.org\",\"@graph\":[{\"@type\":\"Article\",\"@id\":\"https:\\\/\\\/horizontemultipolar.com\\\/egoismos-imperiales\\\/#article\",\"isPartOf\":{\"@id\":\"https:\\\/\\\/horizontemultipolar.com\\\/egoismos-imperiales\\\/\"},\"author\":{\"name\":\"Fabian Cadozo\",\"@id\":\"https:\\\/\\\/horizontemultipolar.com\\\/#\\\/schema\\\/person\\\/31fd378f42a2a7e6e9af10f9f2cec1aa\"},\"headline\":\"Ego\u00edsmos imperiales\",\"datePublished\":\"2025-03-04T18:27:45+00:00\",\"dateModified\":\"2025-03-04T18:27:47+00:00\",\"mainEntityOfPage\":{\"@id\":\"https:\\\/\\\/horizontemultipolar.com\\\/egoismos-imperiales\\\/\"},\"wordCount\":1952,\"commentCount\":0,\"publisher\":{\"@id\":\"https:\\\/\\\/horizontemultipolar.com\\\/#organization\"},\"image\":{\"@id\":\"https:\\\/\\\/horizontemultipolar.com\\\/egoismos-imperiales\\\/#primaryimage\"},\"thumbnailUrl\":\"https:\\\/\\\/horizontemultipolar.com\\\/wp-content\\\/uploads\\\/2025\\\/03\\\/egoismo-y-pobreza-580x483-1.png\",\"inLanguage\":\"en-US\",\"potentialAction\":[{\"@type\":\"CommentAction\",\"name\":\"Comment\",\"target\":[\"https:\\\/\\\/horizontemultipolar.com\\\/egoismos-imperiales\\\/#respond\"]}]},{\"@type\":\"WebPage\",\"@id\":\"https:\\\/\\\/horizontemultipolar.com\\\/egoismos-imperiales\\\/\",\"url\":\"https:\\\/\\\/horizontemultipolar.com\\\/egoismos-imperiales\\\/\",\"name\":\"Ego\u00edsmos imperiales - Horizonte Multipolar\",\"isPartOf\":{\"@id\":\"https:\\\/\\\/horizontemultipolar.com\\\/#website\"},\"primaryImageOfPage\":{\"@id\":\"https:\\\/\\\/horizontemultipolar.com\\\/egoismos-imperiales\\\/#primaryimage\"},\"image\":{\"@id\":\"https:\\\/\\\/horizontemultipolar.com\\\/egoismos-imperiales\\\/#primaryimage\"},\"thumbnailUrl\":\"https:\\\/\\\/horizontemultipolar.com\\\/wp-content\\\/uploads\\\/2025\\\/03\\\/egoismo-y-pobreza-580x483-1.png\",\"datePublished\":\"2025-03-04T18:27:45+00:00\",\"dateModified\":\"2025-03-04T18:27:47+00:00\",\"breadcrumb\":{\"@id\":\"https:\\\/\\\/horizontemultipolar.com\\\/egoismos-imperiales\\\/#breadcrumb\"},\"inLanguage\":\"en-US\",\"potentialAction\":[{\"@type\":\"ReadAction\",\"target\":[\"https:\\\/\\\/horizontemultipolar.com\\\/egoismos-imperiales\\\/\"]}]},{\"@type\":\"ImageObject\",\"inLanguage\":\"en-US\",\"@id\":\"https:\\\/\\\/horizontemultipolar.com\\\/egoismos-imperiales\\\/#primaryimage\",\"url\":\"https:\\\/\\\/horizontemultipolar.com\\\/wp-content\\\/uploads\\\/2025\\\/03\\\/egoismo-y-pobreza-580x483-1.png\",\"contentUrl\":\"https:\\\/\\\/horizontemultipolar.com\\\/wp-content\\\/uploads\\\/2025\\\/03\\\/egoismo-y-pobreza-580x483-1.png\",\"width\":580,\"height\":483},{\"@type\":\"BreadcrumbList\",\"@id\":\"https:\\\/\\\/horizontemultipolar.com\\\/egoismos-imperiales\\\/#breadcrumb\",\"itemListElement\":[{\"@type\":\"ListItem\",\"position\":1,\"name\":\"Portada\",\"item\":\"https:\\\/\\\/horizontemultipolar.com\\\/\"},{\"@type\":\"ListItem\",\"position\":2,\"name\":\"Ego\u00edsmos imperiales\"}]},{\"@type\":\"WebSite\",\"@id\":\"https:\\\/\\\/horizontemultipolar.com\\\/#website\",\"url\":\"https:\\\/\\\/horizontemultipolar.com\\\/\",\"name\":\"Horizonte Multipolar\",\"description\":\"\",\"publisher\":{\"@id\":\"https:\\\/\\\/horizontemultipolar.com\\\/#organization\"},\"potentialAction\":[{\"@type\":\"SearchAction\",\"target\":{\"@type\":\"EntryPoint\",\"urlTemplate\":\"https:\\\/\\\/horizontemultipolar.com\\\/?s={search_term_string}\"},\"query-input\":{\"@type\":\"PropertyValueSpecification\",\"valueRequired\":true,\"valueName\":\"search_term_string\"}}],\"inLanguage\":\"en-US\"},{\"@type\":\"Organization\",\"@id\":\"https:\\\/\\\/horizontemultipolar.com\\\/#organization\",\"name\":\"Horizonte Multipolar\",\"url\":\"https:\\\/\\\/horizontemultipolar.com\\\/\",\"logo\":{\"@type\":\"ImageObject\",\"inLanguage\":\"en-US\",\"@id\":\"https:\\\/\\\/horizontemultipolar.com\\\/#\\\/schema\\\/logo\\\/image\\\/\",\"url\":\"https:\\\/\\\/horizontemultipolar.com\\\/wp-content\\\/uploads\\\/2024\\\/10\\\/cropped-horizontemultipolar-2.png\",\"contentUrl\":\"https:\\\/\\\/horizontemultipolar.com\\\/wp-content\\\/uploads\\\/2024\\\/10\\\/cropped-horizontemultipolar-2.png\",\"width\":856,\"height\":322,\"caption\":\"Horizonte Multipolar\"},\"image\":{\"@id\":\"https:\\\/\\\/horizontemultipolar.com\\\/#\\\/schema\\\/logo\\\/image\\\/\"}},{\"@type\":\"Person\",\"@id\":\"https:\\\/\\\/horizontemultipolar.com\\\/#\\\/schema\\\/person\\\/31fd378f42a2a7e6e9af10f9f2cec1aa\",\"name\":\"Fabian Cadozo\",\"image\":{\"@type\":\"ImageObject\",\"inLanguage\":\"en-US\",\"@id\":\"https:\\\/\\\/secure.gravatar.com\\\/avatar\\\/045c2e90d6cfa5adccc0419d0beb542a493e5439a7d7c6599ffc04dde81df801?s=96&d=mm&r=g\",\"url\":\"https:\\\/\\\/secure.gravatar.com\\\/avatar\\\/045c2e90d6cfa5adccc0419d0beb542a493e5439a7d7c6599ffc04dde81df801?s=96&d=mm&r=g\",\"contentUrl\":\"https:\\\/\\\/secure.gravatar.com\\\/avatar\\\/045c2e90d6cfa5adccc0419d0beb542a493e5439a7d7c6599ffc04dde81df801?s=96&d=mm&r=g\",\"caption\":\"Fabian Cadozo\"},\"url\":\"https:\\\/\\\/horizontemultipolar.com\\\/en\\\/author\\\/fabian\\\/\"}]}<\/script>\n<!-- \/ Yoast SEO plugin. -->","yoast_head_json":{"title":"Ego\u00edsmos imperiales - Horizonte Multipolar","robots":{"index":"index","follow":"follow","max-snippet":"max-snippet:-1","max-image-preview":"max-image-preview:large","max-video-preview":"max-video-preview:-1"},"canonical":"https:\/\/horizontemultipolar.com\/en\/egoismos-imperiales\/","og_locale":"en_US","og_type":"article","og_title":"Ego\u00edsmos imperiales - Horizonte Multipolar","og_description":"Publicado en el marco del acuerdo de cooperaci\u00f3n entre Cuba Debate y Horizonte Multipolar. Por Randy Alonso Falc\u00f3n* \u201cLa renta imperialista beneficia a toda la sociedad en un grado u otro, lo que no excluye la precarizaci\u00f3n del trabajo, el paro, y otros problemas sociales no menos graves. Proporciona la base para la negaci\u00f3n del [&hellip;]","og_url":"https:\/\/horizontemultipolar.com\/en\/egoismos-imperiales\/","og_site_name":"Horizonte Multipolar","article_published_time":"2025-03-04T18:27:45+00:00","article_modified_time":"2025-03-04T18:27:47+00:00","og_image":[{"width":580,"height":483,"url":"https:\/\/horizontemultipolar.com\/wp-content\/uploads\/2025\/03\/egoismo-y-pobreza-580x483-1.png","type":"image\/png"}],"author":"Fabian Cadozo","twitter_card":"summary_large_image","twitter_misc":{"Written by":"Fabian Cadozo","Est. reading time":"9 minutes"},"schema":{"@context":"https:\/\/schema.org","@graph":[{"@type":"Article","@id":"https:\/\/horizontemultipolar.com\/egoismos-imperiales\/#article","isPartOf":{"@id":"https:\/\/horizontemultipolar.com\/egoismos-imperiales\/"},"author":{"name":"Fabian Cadozo","@id":"https:\/\/horizontemultipolar.com\/#\/schema\/person\/31fd378f42a2a7e6e9af10f9f2cec1aa"},"headline":"Ego\u00edsmos imperiales","datePublished":"2025-03-04T18:27:45+00:00","dateModified":"2025-03-04T18:27:47+00:00","mainEntityOfPage":{"@id":"https:\/\/horizontemultipolar.com\/egoismos-imperiales\/"},"wordCount":1952,"commentCount":0,"publisher":{"@id":"https:\/\/horizontemultipolar.com\/#organization"},"image":{"@id":"https:\/\/horizontemultipolar.com\/egoismos-imperiales\/#primaryimage"},"thumbnailUrl":"https:\/\/horizontemultipolar.com\/wp-content\/uploads\/2025\/03\/egoismo-y-pobreza-580x483-1.png","inLanguage":"en-US","potentialAction":[{"@type":"CommentAction","name":"Comment","target":["https:\/\/horizontemultipolar.com\/egoismos-imperiales\/#respond"]}]},{"@type":"WebPage","@id":"https:\/\/horizontemultipolar.com\/egoismos-imperiales\/","url":"https:\/\/horizontemultipolar.com\/egoismos-imperiales\/","name":"Ego\u00edsmos imperiales - Horizonte Multipolar","isPartOf":{"@id":"https:\/\/horizontemultipolar.com\/#website"},"primaryImageOfPage":{"@id":"https:\/\/horizontemultipolar.com\/egoismos-imperiales\/#primaryimage"},"image":{"@id":"https:\/\/horizontemultipolar.com\/egoismos-imperiales\/#primaryimage"},"thumbnailUrl":"https:\/\/horizontemultipolar.com\/wp-content\/uploads\/2025\/03\/egoismo-y-pobreza-580x483-1.png","datePublished":"2025-03-04T18:27:45+00:00","dateModified":"2025-03-04T18:27:47+00:00","breadcrumb":{"@id":"https:\/\/horizontemultipolar.com\/egoismos-imperiales\/#breadcrumb"},"inLanguage":"en-US","potentialAction":[{"@type":"ReadAction","target":["https:\/\/horizontemultipolar.com\/egoismos-imperiales\/"]}]},{"@type":"ImageObject","inLanguage":"en-US","@id":"https:\/\/horizontemultipolar.com\/egoismos-imperiales\/#primaryimage","url":"https:\/\/horizontemultipolar.com\/wp-content\/uploads\/2025\/03\/egoismo-y-pobreza-580x483-1.png","contentUrl":"https:\/\/horizontemultipolar.com\/wp-content\/uploads\/2025\/03\/egoismo-y-pobreza-580x483-1.png","width":580,"height":483},{"@type":"BreadcrumbList","@id":"https:\/\/horizontemultipolar.com\/egoismos-imperiales\/#breadcrumb","itemListElement":[{"@type":"ListItem","position":1,"name":"Portada","item":"https:\/\/horizontemultipolar.com\/"},{"@type":"ListItem","position":2,"name":"Ego\u00edsmos imperiales"}]},{"@type":"WebSite","@id":"https:\/\/horizontemultipolar.com\/#website","url":"https:\/\/horizontemultipolar.com\/","name":"Horizonte Multipolar","description":"","publisher":{"@id":"https:\/\/horizontemultipolar.com\/#organization"},"potentialAction":[{"@type":"SearchAction","target":{"@type":"EntryPoint","urlTemplate":"https:\/\/horizontemultipolar.com\/?s={search_term_string}"},"query-input":{"@type":"PropertyValueSpecification","valueRequired":true,"valueName":"search_term_string"}}],"inLanguage":"en-US"},{"@type":"Organization","@id":"https:\/\/horizontemultipolar.com\/#organization","name":"Horizonte Multipolar","url":"https:\/\/horizontemultipolar.com\/","logo":{"@type":"ImageObject","inLanguage":"en-US","@id":"https:\/\/horizontemultipolar.com\/#\/schema\/logo\/image\/","url":"https:\/\/horizontemultipolar.com\/wp-content\/uploads\/2024\/10\/cropped-horizontemultipolar-2.png","contentUrl":"https:\/\/horizontemultipolar.com\/wp-content\/uploads\/2024\/10\/cropped-horizontemultipolar-2.png","width":856,"height":322,"caption":"Horizonte Multipolar"},"image":{"@id":"https:\/\/horizontemultipolar.com\/#\/schema\/logo\/image\/"}},{"@type":"Person","@id":"https:\/\/horizontemultipolar.com\/#\/schema\/person\/31fd378f42a2a7e6e9af10f9f2cec1aa","name":"Fabian Cadozo","image":{"@type":"ImageObject","inLanguage":"en-US","@id":"https:\/\/secure.gravatar.com\/avatar\/045c2e90d6cfa5adccc0419d0beb542a493e5439a7d7c6599ffc04dde81df801?s=96&d=mm&r=g","url":"https:\/\/secure.gravatar.com\/avatar\/045c2e90d6cfa5adccc0419d0beb542a493e5439a7d7c6599ffc04dde81df801?s=96&d=mm&r=g","contentUrl":"https:\/\/secure.gravatar.com\/avatar\/045c2e90d6cfa5adccc0419d0beb542a493e5439a7d7c6599ffc04dde81df801?s=96&d=mm&r=g","caption":"Fabian Cadozo"},"url":"https:\/\/horizontemultipolar.com\/en\/author\/fabian\/"}]}},"_links":{"self":[{"href":"https:\/\/horizontemultipolar.com\/en\/wp-json\/wp\/v2\/posts\/1579","targetHints":{"allow":["GET"]}}],"collection":[{"href":"https:\/\/horizontemultipolar.com\/en\/wp-json\/wp\/v2\/posts"}],"about":[{"href":"https:\/\/horizontemultipolar.com\/en\/wp-json\/wp\/v2\/types\/post"}],"author":[{"embeddable":true,"href":"https:\/\/horizontemultipolar.com\/en\/wp-json\/wp\/v2\/users\/2"}],"replies":[{"embeddable":true,"href":"https:\/\/horizontemultipolar.com\/en\/wp-json\/wp\/v2\/comments?post=1579"}],"version-history":[{"count":1,"href":"https:\/\/horizontemultipolar.com\/en\/wp-json\/wp\/v2\/posts\/1579\/revisions"}],"predecessor-version":[{"id":1581,"href":"https:\/\/horizontemultipolar.com\/en\/wp-json\/wp\/v2\/posts\/1579\/revisions\/1581"}],"wp:featuredmedia":[{"embeddable":true,"href":"https:\/\/horizontemultipolar.com\/en\/wp-json\/wp\/v2\/media\/1580"}],"wp:attachment":[{"href":"https:\/\/horizontemultipolar.com\/en\/wp-json\/wp\/v2\/media?parent=1579"}],"wp:term":[{"taxonomy":"category","embeddable":true,"href":"https:\/\/horizontemultipolar.com\/en\/wp-json\/wp\/v2\/categories?post=1579"},{"taxonomy":"post_tag","embeddable":true,"href":"https:\/\/horizontemultipolar.com\/en\/wp-json\/wp\/v2\/tags?post=1579"}],"curies":[{"name":"wp","href":"https:\/\/api.w.org\/{rel}","templated":true}]}}