{"id":3583,"date":"2026-01-30T07:45:23","date_gmt":"2026-01-30T07:45:23","guid":{"rendered":"https:\/\/horizontemultipolar.com\/?p=3583"},"modified":"2026-01-30T08:05:42","modified_gmt":"2026-01-30T08:05:42","slug":"abdala-denuncio-una-ruptura-del-derecho-internacional-tras-la-agresion-contra-venezuela","status":"publish","type":"post","link":"https:\/\/horizontemultipolar.com\/en\/abdala-denuncio-una-ruptura-del-derecho-internacional-tras-la-agresion-contra-venezuela\/","title":{"rendered":"Abdala denunci\u00f3 una ruptura del derecho internacional tras la agresi\u00f3n contra Venezuela"},"content":{"rendered":"<p>El Paraninfo de la Universidad de la Rep\u00fablica fue escenario este jueves del seminario <strong>\u201cAgresi\u00f3n imperialista en Venezuela: retos y desaf\u00edos del derecho internacional\u201d<\/strong>, una actividad que reuni\u00f3 a referentes sindicales, diplom\u00e1ticos y especialistas para debatir las consecuencias pol\u00edticas y jur\u00eddicas del escenario abierto tras los hechos del 3 de enero. El encuentro cont\u00f3 con las exposiciones del presidente del PIT-CNT, Marcelo Abdala, el representante diplom\u00e1tico de Venezuela en Uruguay, Pedro Sassone, y los analistas Claudia Rocca, Enrique Santiago e Ismael Blanco.<\/p>\n\n\n\n<p>En su intervenci\u00f3n, Abdala sostuvo que el sentido de la convocatoria desborda lo coyuntural y se inscribe en una defensa m\u00e1s amplia de valores universales. Se\u00f1al\u00f3 que las organizaciones sociales deben \u201csentirse orgullosas de emprender acciones en defensa de la humanidad, en defensa de la vida\u201d, y remarc\u00f3 que lo ocurrido el 3 de enero marc\u00f3 \u201cun antes y un despu\u00e9s\u201d por constituir, a su juicio, una ruptura abierta con los principios b\u00e1sicos del derecho internacional, como la no intervenci\u00f3n, la no injerencia y la resoluci\u00f3n pac\u00edfica de los conflictos.<\/p>\n\n\n\n<p>El dirigente sindical vincul\u00f3 esa agresi\u00f3n con un contexto global atravesado por lo que defini\u00f3 como una <strong>\u201ccrisis de la desigualdad\u201d<\/strong>, que precede a los hechos recientes y explica, en parte, la escalada de tensiones. Citando datos de Oxfam, advirti\u00f3 que en 2025 la riqueza de los milmillonarios creci\u00f3 tres veces m\u00e1s r\u00e1pido que en el lustro anterior, mientras \u201cuna cuarta parte de la humanidad no tiene garantizadas siquiera las condiciones m\u00ednimas para alimentarse\u201d. Para Abdala, se trata de una crisis estructural que empuja al mundo hacia una \u201ccrisis civilizatoria\u201d.<\/p>\n\n\n\n<p>En esa l\u00ednea, subray\u00f3 la concentraci\u00f3n extrema de la riqueza como tel\u00f3n de fondo de los conflictos actuales: \u201cDoce milmillonarios acumulan lo mismo que cuatro mil millones de personas\u201d, afirm\u00f3, y cuestion\u00f3 que en nombre de la democracia se naturalicen desigualdades que, seg\u00fan dijo, vac\u00edan de contenido los <strong>derechos humanos econ\u00f3micos, sociales y culturales<\/strong>. A su entender, ese modelo de poder \u201cdefiende los privilegios de una \u00e9lite\u201d que se expresa, en gran medida, desde Estados Unidos.<\/p>\n\n\n\n<figure class=\"wp-block-image size-large\"><img fetchpriority=\"high\" decoding=\"async\" width=\"1024\" height=\"576\" src=\"https:\/\/horizontemultipolar.com\/wp-content\/uploads\/2026\/01\/WhatsApp-Image-2026-01-29-at-10.19.59-PM-1024x576.jpeg\" alt=\"\" class=\"wp-image-3584\" srcset=\"https:\/\/horizontemultipolar.com\/wp-content\/uploads\/2026\/01\/WhatsApp-Image-2026-01-29-at-10.19.59-PM-1024x576.jpeg 1024w, https:\/\/horizontemultipolar.com\/wp-content\/uploads\/2026\/01\/WhatsApp-Image-2026-01-29-at-10.19.59-PM-300x169.jpeg 300w, https:\/\/horizontemultipolar.com\/wp-content\/uploads\/2026\/01\/WhatsApp-Image-2026-01-29-at-10.19.59-PM-768x432.jpeg 768w, https:\/\/horizontemultipolar.com\/wp-content\/uploads\/2026\/01\/WhatsApp-Image-2026-01-29-at-10.19.59-PM-1536x864.jpeg 1536w, https:\/\/horizontemultipolar.com\/wp-content\/uploads\/2026\/01\/WhatsApp-Image-2026-01-29-at-10.19.59-PM-18x10.jpeg 18w, https:\/\/horizontemultipolar.com\/wp-content\/uploads\/2026\/01\/WhatsApp-Image-2026-01-29-at-10.19.59-PM.jpeg 1600w\" sizes=\"(max-width: 1024px) 100vw, 1024px\" \/><\/figure>\n\n\n\n<p>El an\u00e1lisis hist\u00f3rico ocup\u00f3 tambi\u00e9n un lugar central. Abdala record\u00f3 que desde la <strong>Doctrina Monroe<\/strong>, formulada en 1823, Am\u00e9rica Latina ha sido tratada como \u201cpatio trasero\u201d de Washington, a trav\u00e9s de una pol\u00edtica de intervenciones directas e indirectas. Sostuvo que ese imperialismo atraviesa hoy un declive econ\u00f3mico frente al ascenso de los BRICS y, especialmente, de China, pero advirti\u00f3 que \u201cuna fiera herida es m\u00e1s peligrosa\u201d, porque conserva intacta su capacidad militar.<\/p>\n\n\n\n<p>Como ejemplo de esa l\u00f3gica, cit\u00f3 <strong>declaraciones de la generala Laura Richardson en 2023<\/strong>, cuando afirm\u00f3 que Am\u00e9rica Latina es clave para la \u201cseguridad nacional\u201d de Estados Unidos por sus reservas estrat\u00e9gicas: \u201cTenemos el 60% del litio del mundo, el 31% del agua dulce, las mayores reservas de petr\u00f3leo y los recursos de Venezuela\u201d, record\u00f3 Abdala, quien interpret\u00f3 esas palabras como una admisi\u00f3n expl\u00edcita de los intereses geoecon\u00f3micos en juego.<\/p>\n\n\n\n<p>Finalmente, el presidente del PIT-CNT vincul\u00f3 la <strong>ofensiva sobre Venezuela con los discursos recientes de Donald Trump y Marco Rubio<\/strong>, quienes, seg\u00fan se\u00f1al\u00f3, hablaron reiteradamente de petr\u00f3leo pero nunca de democracia. Para Abdala, no se trata de un debate partidario sino de una causa regional: \u201cNo es Maduro s\u00ed o Maduro no, es la defensa de Am\u00e9rica Latina, de la autodeterminaci\u00f3n de los pueblos y de la democracia\u201d, concluy\u00f3, llamando a reactivar una conciencia antiimperialista a trav\u00e9s de la organizaci\u00f3n, la movilizaci\u00f3n y la unidad continental.<\/p>\n\n\n\n<figure class=\"wp-block-image size-full\"><img decoding=\"async\" width=\"1000\" height=\"667\" src=\"https:\/\/horizontemultipolar.com\/wp-content\/uploads\/2026\/01\/paraninfo-por-venezuela-4.jpg\" alt=\"\" class=\"wp-image-3586\" srcset=\"https:\/\/horizontemultipolar.com\/wp-content\/uploads\/2026\/01\/paraninfo-por-venezuela-4.jpg 1000w, https:\/\/horizontemultipolar.com\/wp-content\/uploads\/2026\/01\/paraninfo-por-venezuela-4-300x200.jpg 300w, https:\/\/horizontemultipolar.com\/wp-content\/uploads\/2026\/01\/paraninfo-por-venezuela-4-768x512.jpg 768w, https:\/\/horizontemultipolar.com\/wp-content\/uploads\/2026\/01\/paraninfo-por-venezuela-4-18x12.jpg 18w\" sizes=\"(max-width: 1000px) 100vw, 1000px\" \/><\/figure>\n\n\n\n<p>Por su parte, Sassone advirti\u00f3 que \u00abestamos en una sola senda de lucha por la independencia y soberan\u00eda\u00bb. No ha habido un momento en la regi\u00f3n como el que se est\u00e1 viviendo, \u00abun momento de agresi\u00f3n, de crisis, soberbia y fascismo imperial, donde no hay derecho ni potestad soberana de los pueblos\u00bb apunt\u00f3 el diplom\u00e1tico. <strong>\u00abEstamos en presencia de la diplomacia del chantaje imperial\u00bb<\/strong> enfatiz\u00f3. <\/p>\n\n\n\n<p>En este contexto, <strong>\u00abla muestra de la barbarie del 3 de enero refleja que el imperialismo, si bien ha perdido fuerza material,  no ha perdido la fuerza de la destrucci\u00f3n y la crueldad\u00bb<\/strong>, dijo.  <\/p>\n\n\n\n<p>Sassone advirti\u00f3 que es vital ir profundizando en la verdad sobre Venezuela. \u00ab<strong>La democracia venezolana naci\u00f3 en el a\u00f1o 1999<\/strong>, producto de un proceso profundo de  la democracia directa, constituyente, no por imposici\u00f3n de ning\u00fan dictador, sino como voluntad del pueblo\u00bb, asever\u00f3. Por estos motivos, \u00aben Venezuela existe una democracia en la que podemos contar m\u00e1s de 36 elecciones desde ese entonces\u00bb, explic\u00f3.  <\/p>\n\n\n\n<p>En este sentido, el diplom\u00e1tico explic\u00f3 que <strong>Venezuela es una democracia acosada, econ\u00f3mica y pol\u00edticamente<\/strong>. Al pa\u00eds se le aplicaron m\u00e1s de 900 sansiones unilaterales, lo cual implca que te quiten el derecho al comercio internacional y al desarrollo. \u00abLleg\u00f3 un momento en que no hab\u00eda con qu\u00e9 comer ni hab\u00eda a qui\u00e9n venderle. Ni siquiera en ese contexto, <strong>nuestro modelo nunca perdi\u00f3 el sentido democr\u00e1tico<\/strong>\u00ab, concluy\u00f3. <\/p>","protected":false},"excerpt":{"rendered":"<p>El Paraninfo de la Universidad de la Rep\u00fablica fue escenario este jueves del seminario \u201cAgresi\u00f3n imperialista en Venezuela: retos y desaf\u00edos del derecho internacional\u201d, una actividad que reuni\u00f3 a referentes sindicales, diplom\u00e1ticos y especialistas para debatir las consecuencias pol\u00edticas y jur\u00eddicas del escenario abierto tras los hechos del 3 de enero. El encuentro cont\u00f3 con [&hellip;]<\/p>\n","protected":false},"author":3,"featured_media":3585,"comment_status":"open","ping_status":"open","sticky":false,"template":"","format":"standard","meta":{"footnotes":""},"categories":[],"tags":[],"class_list":["post-3583","post","type-post","status-publish","format-standard","has-post-thumbnail","hentry"],"yoast_head":"<!-- This site is optimized with the Yoast SEO plugin v27.4 - https:\/\/yoast.com\/product\/yoast-seo-wordpress\/ -->\n<title>Abdala denunci\u00f3 una ruptura del derecho internacional tras la agresi\u00f3n contra Venezuela - Horizonte Multipolar<\/title>\n<meta name=\"description\" content=\"Marcelo Abdala denunci\u00f3 una ruptura del derecho internacional tras la agresi\u00f3n contra Venezuela y alert\u00f3 sobre el avance del imperialismo en Am\u00e9rica Latina.\" \/>\n<meta name=\"robots\" content=\"index, follow, max-snippet:-1, max-image-preview:large, max-video-preview:-1\" \/>\n<link rel=\"canonical\" href=\"https:\/\/horizontemultipolar.com\/en\/abdala-denuncio-una-ruptura-del-derecho-internacional-tras-la-agresion-contra-venezuela\/\" \/>\n<meta property=\"og:locale\" content=\"en_US\" \/>\n<meta property=\"og:type\" content=\"article\" \/>\n<meta property=\"og:title\" content=\"Abdala denunci\u00f3 una ruptura del derecho internacional tras la agresi\u00f3n contra Venezuela - Horizonte Multipolar\" \/>\n<meta property=\"og:description\" content=\"Marcelo Abdala denunci\u00f3 una ruptura del derecho internacional tras la agresi\u00f3n contra Venezuela y alert\u00f3 sobre el avance del imperialismo en Am\u00e9rica Latina.\" \/>\n<meta property=\"og:url\" content=\"https:\/\/horizontemultipolar.com\/en\/abdala-denuncio-una-ruptura-del-derecho-internacional-tras-la-agresion-contra-venezuela\/\" \/>\n<meta property=\"og:site_name\" content=\"Horizonte Multipolar\" \/>\n<meta property=\"article:published_time\" content=\"2026-01-30T07:45:23+00:00\" \/>\n<meta property=\"article:modified_time\" content=\"2026-01-30T08:05:42+00:00\" \/>\n<meta property=\"og:image\" content=\"https:\/\/horizontemultipolar.com\/wp-content\/uploads\/2026\/01\/paraninfo-por-venezuela-2.jpg\" \/>\n\t<meta property=\"og:image:width\" content=\"1000\" \/>\n\t<meta property=\"og:image:height\" content=\"800\" \/>\n\t<meta property=\"og:image:type\" content=\"image\/jpeg\" \/>\n<meta name=\"author\" content=\"Santiago Caetano\" \/>\n<meta name=\"twitter:card\" content=\"summary_large_image\" \/>\n<meta name=\"twitter:label1\" content=\"Written by\" \/>\n\t<meta name=\"twitter:data1\" content=\"Santiago Caetano\" \/>\n\t<meta name=\"twitter:label2\" content=\"Est. reading time\" \/>\n\t<meta name=\"twitter:data2\" content=\"5 minutes\" \/>\n<script type=\"application\/ld+json\" class=\"yoast-schema-graph\">{\"@context\":\"https:\\\/\\\/schema.org\",\"@graph\":[{\"@type\":\"Article\",\"@id\":\"https:\\\/\\\/horizontemultipolar.com\\\/abdala-denuncio-una-ruptura-del-derecho-internacional-tras-la-agresion-contra-venezuela\\\/#article\",\"isPartOf\":{\"@id\":\"https:\\\/\\\/horizontemultipolar.com\\\/abdala-denuncio-una-ruptura-del-derecho-internacional-tras-la-agresion-contra-venezuela\\\/\"},\"author\":{\"name\":\"Santiago Caetano\",\"@id\":\"https:\\\/\\\/horizontemultipolar.com\\\/#\\\/schema\\\/person\\\/973f0bb7e3210cce5382e1aba243a6dc\"},\"headline\":\"Abdala denunci\u00f3 una ruptura del derecho internacional tras la agresi\u00f3n contra Venezuela\",\"datePublished\":\"2026-01-30T07:45:23+00:00\",\"dateModified\":\"2026-01-30T08:05:42+00:00\",\"mainEntityOfPage\":{\"@id\":\"https:\\\/\\\/horizontemultipolar.com\\\/abdala-denuncio-una-ruptura-del-derecho-internacional-tras-la-agresion-contra-venezuela\\\/\"},\"wordCount\":863,\"commentCount\":0,\"publisher\":{\"@id\":\"https:\\\/\\\/horizontemultipolar.com\\\/#organization\"},\"image\":{\"@id\":\"https:\\\/\\\/horizontemultipolar.com\\\/abdala-denuncio-una-ruptura-del-derecho-internacional-tras-la-agresion-contra-venezuela\\\/#primaryimage\"},\"thumbnailUrl\":\"https:\\\/\\\/horizontemultipolar.com\\\/wp-content\\\/uploads\\\/2026\\\/01\\\/paraninfo-por-venezuela-2.jpg\",\"inLanguage\":\"en-US\",\"potentialAction\":[{\"@type\":\"CommentAction\",\"name\":\"Comment\",\"target\":[\"https:\\\/\\\/horizontemultipolar.com\\\/abdala-denuncio-una-ruptura-del-derecho-internacional-tras-la-agresion-contra-venezuela\\\/#respond\"]}]},{\"@type\":\"WebPage\",\"@id\":\"https:\\\/\\\/horizontemultipolar.com\\\/abdala-denuncio-una-ruptura-del-derecho-internacional-tras-la-agresion-contra-venezuela\\\/\",\"url\":\"https:\\\/\\\/horizontemultipolar.com\\\/abdala-denuncio-una-ruptura-del-derecho-internacional-tras-la-agresion-contra-venezuela\\\/\",\"name\":\"Abdala denunci\u00f3 una ruptura del derecho internacional tras la agresi\u00f3n contra Venezuela - Horizonte Multipolar\",\"isPartOf\":{\"@id\":\"https:\\\/\\\/horizontemultipolar.com\\\/#website\"},\"primaryImageOfPage\":{\"@id\":\"https:\\\/\\\/horizontemultipolar.com\\\/abdala-denuncio-una-ruptura-del-derecho-internacional-tras-la-agresion-contra-venezuela\\\/#primaryimage\"},\"image\":{\"@id\":\"https:\\\/\\\/horizontemultipolar.com\\\/abdala-denuncio-una-ruptura-del-derecho-internacional-tras-la-agresion-contra-venezuela\\\/#primaryimage\"},\"thumbnailUrl\":\"https:\\\/\\\/horizontemultipolar.com\\\/wp-content\\\/uploads\\\/2026\\\/01\\\/paraninfo-por-venezuela-2.jpg\",\"datePublished\":\"2026-01-30T07:45:23+00:00\",\"dateModified\":\"2026-01-30T08:05:42+00:00\",\"description\":\"Marcelo Abdala denunci\u00f3 una ruptura del derecho internacional tras la agresi\u00f3n contra Venezuela y alert\u00f3 sobre el avance del imperialismo en Am\u00e9rica Latina.\",\"breadcrumb\":{\"@id\":\"https:\\\/\\\/horizontemultipolar.com\\\/abdala-denuncio-una-ruptura-del-derecho-internacional-tras-la-agresion-contra-venezuela\\\/#breadcrumb\"},\"inLanguage\":\"en-US\",\"potentialAction\":[{\"@type\":\"ReadAction\",\"target\":[\"https:\\\/\\\/horizontemultipolar.com\\\/abdala-denuncio-una-ruptura-del-derecho-internacional-tras-la-agresion-contra-venezuela\\\/\"]}]},{\"@type\":\"ImageObject\",\"inLanguage\":\"en-US\",\"@id\":\"https:\\\/\\\/horizontemultipolar.com\\\/abdala-denuncio-una-ruptura-del-derecho-internacional-tras-la-agresion-contra-venezuela\\\/#primaryimage\",\"url\":\"https:\\\/\\\/horizontemultipolar.com\\\/wp-content\\\/uploads\\\/2026\\\/01\\\/paraninfo-por-venezuela-2.jpg\",\"contentUrl\":\"https:\\\/\\\/horizontemultipolar.com\\\/wp-content\\\/uploads\\\/2026\\\/01\\\/paraninfo-por-venezuela-2.jpg\",\"width\":1000,\"height\":800},{\"@type\":\"BreadcrumbList\",\"@id\":\"https:\\\/\\\/horizontemultipolar.com\\\/abdala-denuncio-una-ruptura-del-derecho-internacional-tras-la-agresion-contra-venezuela\\\/#breadcrumb\",\"itemListElement\":[{\"@type\":\"ListItem\",\"position\":1,\"name\":\"Portada\",\"item\":\"https:\\\/\\\/horizontemultipolar.com\\\/\"},{\"@type\":\"ListItem\",\"position\":2,\"name\":\"Abdala denunci\u00f3 una ruptura del derecho internacional tras la agresi\u00f3n contra Venezuela\"}]},{\"@type\":\"WebSite\",\"@id\":\"https:\\\/\\\/horizontemultipolar.com\\\/#website\",\"url\":\"https:\\\/\\\/horizontemultipolar.com\\\/\",\"name\":\"Horizonte Multipolar\",\"description\":\"\",\"publisher\":{\"@id\":\"https:\\\/\\\/horizontemultipolar.com\\\/#organization\"},\"potentialAction\":[{\"@type\":\"SearchAction\",\"target\":{\"@type\":\"EntryPoint\",\"urlTemplate\":\"https:\\\/\\\/horizontemultipolar.com\\\/?s={search_term_string}\"},\"query-input\":{\"@type\":\"PropertyValueSpecification\",\"valueRequired\":true,\"valueName\":\"search_term_string\"}}],\"inLanguage\":\"en-US\"},{\"@type\":\"Organization\",\"@id\":\"https:\\\/\\\/horizontemultipolar.com\\\/#organization\",\"name\":\"Horizonte Multipolar\",\"url\":\"https:\\\/\\\/horizontemultipolar.com\\\/\",\"logo\":{\"@type\":\"ImageObject\",\"inLanguage\":\"en-US\",\"@id\":\"https:\\\/\\\/horizontemultipolar.com\\\/#\\\/schema\\\/logo\\\/image\\\/\",\"url\":\"https:\\\/\\\/horizontemultipolar.com\\\/wp-content\\\/uploads\\\/2024\\\/10\\\/cropped-horizontemultipolar-2.png\",\"contentUrl\":\"https:\\\/\\\/horizontemultipolar.com\\\/wp-content\\\/uploads\\\/2024\\\/10\\\/cropped-horizontemultipolar-2.png\",\"width\":856,\"height\":322,\"caption\":\"Horizonte Multipolar\"},\"image\":{\"@id\":\"https:\\\/\\\/horizontemultipolar.com\\\/#\\\/schema\\\/logo\\\/image\\\/\"}},{\"@type\":\"Person\",\"@id\":\"https:\\\/\\\/horizontemultipolar.com\\\/#\\\/schema\\\/person\\\/973f0bb7e3210cce5382e1aba243a6dc\",\"name\":\"Santiago Caetano\",\"image\":{\"@type\":\"ImageObject\",\"inLanguage\":\"en-US\",\"@id\":\"https:\\\/\\\/secure.gravatar.com\\\/avatar\\\/849f76a8cda674b37e2d1d847635dca1fc68ce0ef9457eb4cda9c270a099bea3?s=96&d=mm&r=g\",\"url\":\"https:\\\/\\\/secure.gravatar.com\\\/avatar\\\/849f76a8cda674b37e2d1d847635dca1fc68ce0ef9457eb4cda9c270a099bea3?s=96&d=mm&r=g\",\"contentUrl\":\"https:\\\/\\\/secure.gravatar.com\\\/avatar\\\/849f76a8cda674b37e2d1d847635dca1fc68ce0ef9457eb4cda9c270a099bea3?s=96&d=mm&r=g\",\"caption\":\"Santiago Caetano\"},\"url\":\"https:\\\/\\\/horizontemultipolar.com\\\/en\\\/author\\\/santiago\\\/\"}]}<\/script>\n<!-- \/ Yoast SEO plugin. -->","yoast_head_json":{"title":"Abdala denunci\u00f3 una ruptura del derecho internacional tras la agresi\u00f3n contra Venezuela - Horizonte Multipolar","description":"Marcelo Abdala denunci\u00f3 una ruptura del derecho internacional tras la agresi\u00f3n contra Venezuela y alert\u00f3 sobre el avance del imperialismo en Am\u00e9rica Latina.","robots":{"index":"index","follow":"follow","max-snippet":"max-snippet:-1","max-image-preview":"max-image-preview:large","max-video-preview":"max-video-preview:-1"},"canonical":"https:\/\/horizontemultipolar.com\/en\/abdala-denuncio-una-ruptura-del-derecho-internacional-tras-la-agresion-contra-venezuela\/","og_locale":"en_US","og_type":"article","og_title":"Abdala denunci\u00f3 una ruptura del derecho internacional tras la agresi\u00f3n contra Venezuela - Horizonte Multipolar","og_description":"Marcelo Abdala denunci\u00f3 una ruptura del derecho internacional tras la agresi\u00f3n contra Venezuela y alert\u00f3 sobre el avance del imperialismo en Am\u00e9rica Latina.","og_url":"https:\/\/horizontemultipolar.com\/en\/abdala-denuncio-una-ruptura-del-derecho-internacional-tras-la-agresion-contra-venezuela\/","og_site_name":"Horizonte Multipolar","article_published_time":"2026-01-30T07:45:23+00:00","article_modified_time":"2026-01-30T08:05:42+00:00","og_image":[{"width":1000,"height":800,"url":"https:\/\/horizontemultipolar.com\/wp-content\/uploads\/2026\/01\/paraninfo-por-venezuela-2.jpg","type":"image\/jpeg"}],"author":"Santiago Caetano","twitter_card":"summary_large_image","twitter_misc":{"Written by":"Santiago Caetano","Est. reading time":"5 minutes"},"schema":{"@context":"https:\/\/schema.org","@graph":[{"@type":"Article","@id":"https:\/\/horizontemultipolar.com\/abdala-denuncio-una-ruptura-del-derecho-internacional-tras-la-agresion-contra-venezuela\/#article","isPartOf":{"@id":"https:\/\/horizontemultipolar.com\/abdala-denuncio-una-ruptura-del-derecho-internacional-tras-la-agresion-contra-venezuela\/"},"author":{"name":"Santiago Caetano","@id":"https:\/\/horizontemultipolar.com\/#\/schema\/person\/973f0bb7e3210cce5382e1aba243a6dc"},"headline":"Abdala denunci\u00f3 una ruptura del derecho internacional tras la agresi\u00f3n contra Venezuela","datePublished":"2026-01-30T07:45:23+00:00","dateModified":"2026-01-30T08:05:42+00:00","mainEntityOfPage":{"@id":"https:\/\/horizontemultipolar.com\/abdala-denuncio-una-ruptura-del-derecho-internacional-tras-la-agresion-contra-venezuela\/"},"wordCount":863,"commentCount":0,"publisher":{"@id":"https:\/\/horizontemultipolar.com\/#organization"},"image":{"@id":"https:\/\/horizontemultipolar.com\/abdala-denuncio-una-ruptura-del-derecho-internacional-tras-la-agresion-contra-venezuela\/#primaryimage"},"thumbnailUrl":"https:\/\/horizontemultipolar.com\/wp-content\/uploads\/2026\/01\/paraninfo-por-venezuela-2.jpg","inLanguage":"en-US","potentialAction":[{"@type":"CommentAction","name":"Comment","target":["https:\/\/horizontemultipolar.com\/abdala-denuncio-una-ruptura-del-derecho-internacional-tras-la-agresion-contra-venezuela\/#respond"]}]},{"@type":"WebPage","@id":"https:\/\/horizontemultipolar.com\/abdala-denuncio-una-ruptura-del-derecho-internacional-tras-la-agresion-contra-venezuela\/","url":"https:\/\/horizontemultipolar.com\/abdala-denuncio-una-ruptura-del-derecho-internacional-tras-la-agresion-contra-venezuela\/","name":"Abdala denunci\u00f3 una ruptura del derecho internacional tras la agresi\u00f3n contra Venezuela - Horizonte Multipolar","isPartOf":{"@id":"https:\/\/horizontemultipolar.com\/#website"},"primaryImageOfPage":{"@id":"https:\/\/horizontemultipolar.com\/abdala-denuncio-una-ruptura-del-derecho-internacional-tras-la-agresion-contra-venezuela\/#primaryimage"},"image":{"@id":"https:\/\/horizontemultipolar.com\/abdala-denuncio-una-ruptura-del-derecho-internacional-tras-la-agresion-contra-venezuela\/#primaryimage"},"thumbnailUrl":"https:\/\/horizontemultipolar.com\/wp-content\/uploads\/2026\/01\/paraninfo-por-venezuela-2.jpg","datePublished":"2026-01-30T07:45:23+00:00","dateModified":"2026-01-30T08:05:42+00:00","description":"Marcelo Abdala denunci\u00f3 una ruptura del derecho internacional tras la agresi\u00f3n contra Venezuela y alert\u00f3 sobre el avance del imperialismo en Am\u00e9rica Latina.","breadcrumb":{"@id":"https:\/\/horizontemultipolar.com\/abdala-denuncio-una-ruptura-del-derecho-internacional-tras-la-agresion-contra-venezuela\/#breadcrumb"},"inLanguage":"en-US","potentialAction":[{"@type":"ReadAction","target":["https:\/\/horizontemultipolar.com\/abdala-denuncio-una-ruptura-del-derecho-internacional-tras-la-agresion-contra-venezuela\/"]}]},{"@type":"ImageObject","inLanguage":"en-US","@id":"https:\/\/horizontemultipolar.com\/abdala-denuncio-una-ruptura-del-derecho-internacional-tras-la-agresion-contra-venezuela\/#primaryimage","url":"https:\/\/horizontemultipolar.com\/wp-content\/uploads\/2026\/01\/paraninfo-por-venezuela-2.jpg","contentUrl":"https:\/\/horizontemultipolar.com\/wp-content\/uploads\/2026\/01\/paraninfo-por-venezuela-2.jpg","width":1000,"height":800},{"@type":"BreadcrumbList","@id":"https:\/\/horizontemultipolar.com\/abdala-denuncio-una-ruptura-del-derecho-internacional-tras-la-agresion-contra-venezuela\/#breadcrumb","itemListElement":[{"@type":"ListItem","position":1,"name":"Portada","item":"https:\/\/horizontemultipolar.com\/"},{"@type":"ListItem","position":2,"name":"Abdala denunci\u00f3 una ruptura del derecho internacional tras la agresi\u00f3n contra Venezuela"}]},{"@type":"WebSite","@id":"https:\/\/horizontemultipolar.com\/#website","url":"https:\/\/horizontemultipolar.com\/","name":"Horizonte Multipolar","description":"","publisher":{"@id":"https:\/\/horizontemultipolar.com\/#organization"},"potentialAction":[{"@type":"SearchAction","target":{"@type":"EntryPoint","urlTemplate":"https:\/\/horizontemultipolar.com\/?s={search_term_string}"},"query-input":{"@type":"PropertyValueSpecification","valueRequired":true,"valueName":"search_term_string"}}],"inLanguage":"en-US"},{"@type":"Organization","@id":"https:\/\/horizontemultipolar.com\/#organization","name":"Horizonte Multipolar","url":"https:\/\/horizontemultipolar.com\/","logo":{"@type":"ImageObject","inLanguage":"en-US","@id":"https:\/\/horizontemultipolar.com\/#\/schema\/logo\/image\/","url":"https:\/\/horizontemultipolar.com\/wp-content\/uploads\/2024\/10\/cropped-horizontemultipolar-2.png","contentUrl":"https:\/\/horizontemultipolar.com\/wp-content\/uploads\/2024\/10\/cropped-horizontemultipolar-2.png","width":856,"height":322,"caption":"Horizonte Multipolar"},"image":{"@id":"https:\/\/horizontemultipolar.com\/#\/schema\/logo\/image\/"}},{"@type":"Person","@id":"https:\/\/horizontemultipolar.com\/#\/schema\/person\/973f0bb7e3210cce5382e1aba243a6dc","name":"Santiago Caetano","image":{"@type":"ImageObject","inLanguage":"en-US","@id":"https:\/\/secure.gravatar.com\/avatar\/849f76a8cda674b37e2d1d847635dca1fc68ce0ef9457eb4cda9c270a099bea3?s=96&d=mm&r=g","url":"https:\/\/secure.gravatar.com\/avatar\/849f76a8cda674b37e2d1d847635dca1fc68ce0ef9457eb4cda9c270a099bea3?s=96&d=mm&r=g","contentUrl":"https:\/\/secure.gravatar.com\/avatar\/849f76a8cda674b37e2d1d847635dca1fc68ce0ef9457eb4cda9c270a099bea3?s=96&d=mm&r=g","caption":"Santiago Caetano"},"url":"https:\/\/horizontemultipolar.com\/en\/author\/santiago\/"}]}},"_links":{"self":[{"href":"https:\/\/horizontemultipolar.com\/en\/wp-json\/wp\/v2\/posts\/3583","targetHints":{"allow":["GET"]}}],"collection":[{"href":"https:\/\/horizontemultipolar.com\/en\/wp-json\/wp\/v2\/posts"}],"about":[{"href":"https:\/\/horizontemultipolar.com\/en\/wp-json\/wp\/v2\/types\/post"}],"author":[{"embeddable":true,"href":"https:\/\/horizontemultipolar.com\/en\/wp-json\/wp\/v2\/users\/3"}],"replies":[{"embeddable":true,"href":"https:\/\/horizontemultipolar.com\/en\/wp-json\/wp\/v2\/comments?post=3583"}],"version-history":[{"count":1,"href":"https:\/\/horizontemultipolar.com\/en\/wp-json\/wp\/v2\/posts\/3583\/revisions"}],"predecessor-version":[{"id":3587,"href":"https:\/\/horizontemultipolar.com\/en\/wp-json\/wp\/v2\/posts\/3583\/revisions\/3587"}],"wp:featuredmedia":[{"embeddable":true,"href":"https:\/\/horizontemultipolar.com\/en\/wp-json\/wp\/v2\/media\/3585"}],"wp:attachment":[{"href":"https:\/\/horizontemultipolar.com\/en\/wp-json\/wp\/v2\/media?parent=3583"}],"wp:term":[{"taxonomy":"category","embeddable":true,"href":"https:\/\/horizontemultipolar.com\/en\/wp-json\/wp\/v2\/categories?post=3583"},{"taxonomy":"post_tag","embeddable":true,"href":"https:\/\/horizontemultipolar.com\/en\/wp-json\/wp\/v2\/tags?post=3583"}],"curies":[{"name":"wp","href":"https:\/\/api.w.org\/{rel}","templated":true}]}}