{"id":4050,"date":"2026-04-24T10:31:26","date_gmt":"2026-04-24T10:31:26","guid":{"rendered":"https:\/\/horizontemultipolar.com\/?p=4050"},"modified":"2026-04-24T10:31:27","modified_gmt":"2026-04-24T10:31:27","slug":"segunda-vuelta-en-peru-sanchez-plantea-una-politica-exterior-abierta-al-sur-global","status":"publish","type":"post","link":"https:\/\/horizontemultipolar.com\/en\/segunda-vuelta-en-peru-sanchez-plantea-una-politica-exterior-abierta-al-sur-global\/","title":{"rendered":"Segunda vuelta en Per\u00fa: S\u00e1nchez plantea una pol\u00edtica exterior abierta al Sur Global"},"content":{"rendered":"<p>En medio de la disputa electoral peruana, Roberto S\u00e1nchez, candidato presidencial de izquierda por Juntos por el Per\u00fa, se pronunci\u00f3 a favor de que el pa\u00eds andino explore una eventual incorporaci\u00f3n al Grupo de los BRICS. El dirigente tambi\u00e9n se\u00f1al\u00f3 que, si llegara a la presidencia, buscar\u00eda profundizar los v\u00ednculos de Per\u00fa con Rusia.<\/p>\n\n\n\n<p>Consultado sobre la posibilidad de impulsar el ingreso peruano al bloque, S\u00e1nchez fue categ\u00f3rico: \u00abAbsolutamente (fomentar\u00eda un ingreso de Per\u00fa a los BRICS). Creo que es importante tener presencia en ese mercado de integraci\u00f3n\u00bb expres\u00f3 el candidato presidencial de la izquierda peruana.<\/p>\n\n\n\n<p>Seg\u00fan los resultados oficiales preliminares, S\u00e1nchez figura en el segundo lugar entre los postulantes m\u00e1s votados en la primera vuelta celebrada el pasado 12 de abril. En caso de que las autoridades electorales confirmen esa posici\u00f3n, el representante de Juntos por el Per\u00fa competir\u00eda en la segunda vuelta contra la candidata derechista Keiko Fujimori, prevista para el 7 de junio pr\u00f3ximo.<\/p>\n\n\n\n<p>Para el dirigente de izquierda, la pol\u00edtica exterior peruana debe orientarse hacia una mayor autonom\u00eda y hacia la ampliaci\u00f3n de sus v\u00ednculos econ\u00f3micos internacionales. En esa l\u00ednea, afirm\u00f3: \u00abYo creo que el Per\u00fa necesita soberan\u00eda y abrirse a todos los espacios de integraci\u00f3n comercial. Veo con muy buenos ojos el eje de cooperaci\u00f3n sur global y los BRICS. Pienso que es un espacio muy interesante\u00bb, dijo.<\/p>\n\n\n\n<p>Como plataforma de articulaci\u00f3n econ\u00f3mica y geopol\u00edtica, los BRICS re\u00fanen actualmente a Brasil, Rusia, India, China, Sud\u00e1frica, Egipto, Emiratos \u00c1rabes Unidos, Etiop\u00eda, Indonesia e Ir\u00e1n. A su vez, Bielorrusia, Bolivia, Cuba, Kazajist\u00e1n, Malasia, Nigeria, Tailandia, Uganda, Uzbekist\u00e1n y Vietnam participan como Estados socios del bloque.<\/p>\n\n\n\n<p>La declaraci\u00f3n de S\u00e1nchez se inscribe en un contexto regional donde distintos pa\u00edses buscan diversificar sus alianzas internacionales y ganar margen de maniobra frente a los centros tradicionales de poder. Para Per\u00fa, una aproximaci\u00f3n al bloque podr\u00eda abrir nuevas discusiones sobre comercio, financiamiento, infraestructura y cooperaci\u00f3n Sur-Sur.<\/p>\n\n\n\n<p>En paralelo a su planteo sobre los BRICS, el candidato de Juntos por el Per\u00fa llam\u00f3 el pasado mi\u00e9rcoles a defender la democracia y el voto popular frente a lo que defini\u00f3 como presiones de los grupos de poder, en una campa\u00f1a atravesada por tensiones pol\u00edticas y expectativas de cara al balotaje.<\/p>","protected":false},"excerpt":{"rendered":"<p>En medio de la disputa electoral peruana, Roberto S\u00e1nchez, candidato presidencial de izquierda por Juntos por el Per\u00fa, se pronunci\u00f3 a favor de que el pa\u00eds andino explore una eventual incorporaci\u00f3n al Grupo de los BRICS. El dirigente tambi\u00e9n se\u00f1al\u00f3 que, si llegara a la presidencia, buscar\u00eda profundizar los v\u00ednculos de Per\u00fa con Rusia. Consultado [&hellip;]<\/p>\n","protected":false},"author":3,"featured_media":4051,"comment_status":"open","ping_status":"open","sticky":false,"template":"","format":"standard","meta":{"footnotes":""},"categories":[],"tags":[],"class_list":["post-4050","post","type-post","status-publish","format-standard","has-post-thumbnail","hentry"],"yoast_head":"<!-- This site is optimized with the Yoast SEO plugin v27.4 - https:\/\/yoast.com\/product\/yoast-seo-wordpress\/ -->\n<title>Segunda vuelta en Per\u00fa: S\u00e1nchez plantea una pol\u00edtica exterior abierta al Sur Global - Horizonte Multipolar<\/title>\n<meta name=\"description\" content=\"Roberto S\u00e1nchez respald\u00f3 una eventual integraci\u00f3n de Per\u00fa a los BRICS y plante\u00f3 fortalecer los v\u00ednculos con Rusia en una pol\u00edtica exterior soberana.\" \/>\n<meta name=\"robots\" content=\"index, follow, max-snippet:-1, max-image-preview:large, max-video-preview:-1\" \/>\n<link rel=\"canonical\" href=\"https:\/\/horizontemultipolar.com\/en\/segunda-vuelta-en-peru-sanchez-plantea-una-politica-exterior-abierta-al-sur-global\/\" \/>\n<meta property=\"og:locale\" content=\"en_US\" \/>\n<meta property=\"og:type\" content=\"article\" \/>\n<meta property=\"og:title\" content=\"Segunda vuelta en Per\u00fa: S\u00e1nchez plantea una pol\u00edtica exterior abierta al Sur Global - Horizonte Multipolar\" \/>\n<meta property=\"og:description\" content=\"Roberto S\u00e1nchez respald\u00f3 una eventual integraci\u00f3n de Per\u00fa a los BRICS y plante\u00f3 fortalecer los v\u00ednculos con Rusia en una pol\u00edtica exterior soberana.\" \/>\n<meta property=\"og:url\" content=\"https:\/\/horizontemultipolar.com\/en\/segunda-vuelta-en-peru-sanchez-plantea-una-politica-exterior-abierta-al-sur-global\/\" \/>\n<meta property=\"og:site_name\" content=\"Horizonte Multipolar\" \/>\n<meta property=\"article:published_time\" content=\"2026-04-24T10:31:26+00:00\" \/>\n<meta property=\"article:modified_time\" content=\"2026-04-24T10:31:27+00:00\" \/>\n<meta property=\"og:image\" content=\"https:\/\/horizontemultipolar.com\/wp-content\/uploads\/2026\/04\/whatsapp-image-2024-11-19-at-51024-pm.jpeg\" \/>\n\t<meta property=\"og:image:width\" content=\"1280\" \/>\n\t<meta property=\"og:image:height\" content=\"960\" \/>\n\t<meta property=\"og:image:type\" content=\"image\/jpeg\" \/>\n<meta name=\"author\" content=\"Santiago Caetano\" \/>\n<meta name=\"twitter:card\" content=\"summary_large_image\" \/>\n<meta name=\"twitter:label1\" content=\"Written by\" \/>\n\t<meta name=\"twitter:data1\" content=\"Santiago Caetano\" \/>\n\t<meta name=\"twitter:label2\" content=\"Est. reading time\" \/>\n\t<meta name=\"twitter:data2\" content=\"2 minutes\" \/>\n<script type=\"application\/ld+json\" class=\"yoast-schema-graph\">{\"@context\":\"https:\\\/\\\/schema.org\",\"@graph\":[{\"@type\":\"Article\",\"@id\":\"https:\\\/\\\/horizontemultipolar.com\\\/segunda-vuelta-en-peru-sanchez-plantea-una-politica-exterior-abierta-al-sur-global\\\/#article\",\"isPartOf\":{\"@id\":\"https:\\\/\\\/horizontemultipolar.com\\\/segunda-vuelta-en-peru-sanchez-plantea-una-politica-exterior-abierta-al-sur-global\\\/\"},\"author\":{\"name\":\"Santiago Caetano\",\"@id\":\"https:\\\/\\\/horizontemultipolar.com\\\/#\\\/schema\\\/person\\\/973f0bb7e3210cce5382e1aba243a6dc\"},\"headline\":\"Segunda vuelta en Per\u00fa: S\u00e1nchez plantea una pol\u00edtica exterior abierta al Sur Global\",\"datePublished\":\"2026-04-24T10:31:26+00:00\",\"dateModified\":\"2026-04-24T10:31:27+00:00\",\"mainEntityOfPage\":{\"@id\":\"https:\\\/\\\/horizontemultipolar.com\\\/segunda-vuelta-en-peru-sanchez-plantea-una-politica-exterior-abierta-al-sur-global\\\/\"},\"wordCount\":424,\"commentCount\":0,\"publisher\":{\"@id\":\"https:\\\/\\\/horizontemultipolar.com\\\/#organization\"},\"image\":{\"@id\":\"https:\\\/\\\/horizontemultipolar.com\\\/segunda-vuelta-en-peru-sanchez-plantea-una-politica-exterior-abierta-al-sur-global\\\/#primaryimage\"},\"thumbnailUrl\":\"https:\\\/\\\/horizontemultipolar.com\\\/wp-content\\\/uploads\\\/2026\\\/04\\\/whatsapp-image-2024-11-19-at-51024-pm.jpeg\",\"inLanguage\":\"en-US\",\"potentialAction\":[{\"@type\":\"CommentAction\",\"name\":\"Comment\",\"target\":[\"https:\\\/\\\/horizontemultipolar.com\\\/segunda-vuelta-en-peru-sanchez-plantea-una-politica-exterior-abierta-al-sur-global\\\/#respond\"]}]},{\"@type\":\"WebPage\",\"@id\":\"https:\\\/\\\/horizontemultipolar.com\\\/segunda-vuelta-en-peru-sanchez-plantea-una-politica-exterior-abierta-al-sur-global\\\/\",\"url\":\"https:\\\/\\\/horizontemultipolar.com\\\/segunda-vuelta-en-peru-sanchez-plantea-una-politica-exterior-abierta-al-sur-global\\\/\",\"name\":\"Segunda vuelta en Per\u00fa: S\u00e1nchez plantea una pol\u00edtica exterior abierta al Sur Global - Horizonte Multipolar\",\"isPartOf\":{\"@id\":\"https:\\\/\\\/horizontemultipolar.com\\\/#website\"},\"primaryImageOfPage\":{\"@id\":\"https:\\\/\\\/horizontemultipolar.com\\\/segunda-vuelta-en-peru-sanchez-plantea-una-politica-exterior-abierta-al-sur-global\\\/#primaryimage\"},\"image\":{\"@id\":\"https:\\\/\\\/horizontemultipolar.com\\\/segunda-vuelta-en-peru-sanchez-plantea-una-politica-exterior-abierta-al-sur-global\\\/#primaryimage\"},\"thumbnailUrl\":\"https:\\\/\\\/horizontemultipolar.com\\\/wp-content\\\/uploads\\\/2026\\\/04\\\/whatsapp-image-2024-11-19-at-51024-pm.jpeg\",\"datePublished\":\"2026-04-24T10:31:26+00:00\",\"dateModified\":\"2026-04-24T10:31:27+00:00\",\"description\":\"Roberto S\u00e1nchez respald\u00f3 una eventual integraci\u00f3n de Per\u00fa a los BRICS y plante\u00f3 fortalecer los v\u00ednculos con Rusia en una pol\u00edtica exterior soberana.\",\"breadcrumb\":{\"@id\":\"https:\\\/\\\/horizontemultipolar.com\\\/segunda-vuelta-en-peru-sanchez-plantea-una-politica-exterior-abierta-al-sur-global\\\/#breadcrumb\"},\"inLanguage\":\"en-US\",\"potentialAction\":[{\"@type\":\"ReadAction\",\"target\":[\"https:\\\/\\\/horizontemultipolar.com\\\/segunda-vuelta-en-peru-sanchez-plantea-una-politica-exterior-abierta-al-sur-global\\\/\"]}]},{\"@type\":\"ImageObject\",\"inLanguage\":\"en-US\",\"@id\":\"https:\\\/\\\/horizontemultipolar.com\\\/segunda-vuelta-en-peru-sanchez-plantea-una-politica-exterior-abierta-al-sur-global\\\/#primaryimage\",\"url\":\"https:\\\/\\\/horizontemultipolar.com\\\/wp-content\\\/uploads\\\/2026\\\/04\\\/whatsapp-image-2024-11-19-at-51024-pm.jpeg\",\"contentUrl\":\"https:\\\/\\\/horizontemultipolar.com\\\/wp-content\\\/uploads\\\/2026\\\/04\\\/whatsapp-image-2024-11-19-at-51024-pm.jpeg\",\"width\":1280,\"height\":960},{\"@type\":\"BreadcrumbList\",\"@id\":\"https:\\\/\\\/horizontemultipolar.com\\\/segunda-vuelta-en-peru-sanchez-plantea-una-politica-exterior-abierta-al-sur-global\\\/#breadcrumb\",\"itemListElement\":[{\"@type\":\"ListItem\",\"position\":1,\"name\":\"Portada\",\"item\":\"https:\\\/\\\/horizontemultipolar.com\\\/\"},{\"@type\":\"ListItem\",\"position\":2,\"name\":\"Segunda vuelta en Per\u00fa: S\u00e1nchez plantea una pol\u00edtica exterior abierta al Sur Global\"}]},{\"@type\":\"WebSite\",\"@id\":\"https:\\\/\\\/horizontemultipolar.com\\\/#website\",\"url\":\"https:\\\/\\\/horizontemultipolar.com\\\/\",\"name\":\"Horizonte Multipolar\",\"description\":\"\",\"publisher\":{\"@id\":\"https:\\\/\\\/horizontemultipolar.com\\\/#organization\"},\"potentialAction\":[{\"@type\":\"SearchAction\",\"target\":{\"@type\":\"EntryPoint\",\"urlTemplate\":\"https:\\\/\\\/horizontemultipolar.com\\\/?s={search_term_string}\"},\"query-input\":{\"@type\":\"PropertyValueSpecification\",\"valueRequired\":true,\"valueName\":\"search_term_string\"}}],\"inLanguage\":\"en-US\"},{\"@type\":\"Organization\",\"@id\":\"https:\\\/\\\/horizontemultipolar.com\\\/#organization\",\"name\":\"Horizonte Multipolar\",\"url\":\"https:\\\/\\\/horizontemultipolar.com\\\/\",\"logo\":{\"@type\":\"ImageObject\",\"inLanguage\":\"en-US\",\"@id\":\"https:\\\/\\\/horizontemultipolar.com\\\/#\\\/schema\\\/logo\\\/image\\\/\",\"url\":\"https:\\\/\\\/horizontemultipolar.com\\\/wp-content\\\/uploads\\\/2024\\\/10\\\/cropped-horizontemultipolar-2.png\",\"contentUrl\":\"https:\\\/\\\/horizontemultipolar.com\\\/wp-content\\\/uploads\\\/2024\\\/10\\\/cropped-horizontemultipolar-2.png\",\"width\":856,\"height\":322,\"caption\":\"Horizonte Multipolar\"},\"image\":{\"@id\":\"https:\\\/\\\/horizontemultipolar.com\\\/#\\\/schema\\\/logo\\\/image\\\/\"}},{\"@type\":\"Person\",\"@id\":\"https:\\\/\\\/horizontemultipolar.com\\\/#\\\/schema\\\/person\\\/973f0bb7e3210cce5382e1aba243a6dc\",\"name\":\"Santiago Caetano\",\"image\":{\"@type\":\"ImageObject\",\"inLanguage\":\"en-US\",\"@id\":\"https:\\\/\\\/secure.gravatar.com\\\/avatar\\\/849f76a8cda674b37e2d1d847635dca1fc68ce0ef9457eb4cda9c270a099bea3?s=96&d=mm&r=g\",\"url\":\"https:\\\/\\\/secure.gravatar.com\\\/avatar\\\/849f76a8cda674b37e2d1d847635dca1fc68ce0ef9457eb4cda9c270a099bea3?s=96&d=mm&r=g\",\"contentUrl\":\"https:\\\/\\\/secure.gravatar.com\\\/avatar\\\/849f76a8cda674b37e2d1d847635dca1fc68ce0ef9457eb4cda9c270a099bea3?s=96&d=mm&r=g\",\"caption\":\"Santiago Caetano\"},\"url\":\"https:\\\/\\\/horizontemultipolar.com\\\/en\\\/author\\\/santiago\\\/\"}]}<\/script>\n<!-- \/ Yoast SEO plugin. -->","yoast_head_json":{"title":"Segunda vuelta en Per\u00fa: S\u00e1nchez plantea una pol\u00edtica exterior abierta al Sur Global - Horizonte Multipolar","description":"Roberto S\u00e1nchez respald\u00f3 una eventual integraci\u00f3n de Per\u00fa a los BRICS y plante\u00f3 fortalecer los v\u00ednculos con Rusia en una pol\u00edtica exterior soberana.","robots":{"index":"index","follow":"follow","max-snippet":"max-snippet:-1","max-image-preview":"max-image-preview:large","max-video-preview":"max-video-preview:-1"},"canonical":"https:\/\/horizontemultipolar.com\/en\/segunda-vuelta-en-peru-sanchez-plantea-una-politica-exterior-abierta-al-sur-global\/","og_locale":"en_US","og_type":"article","og_title":"Segunda vuelta en Per\u00fa: S\u00e1nchez plantea una pol\u00edtica exterior abierta al Sur Global - Horizonte Multipolar","og_description":"Roberto S\u00e1nchez respald\u00f3 una eventual integraci\u00f3n de Per\u00fa a los BRICS y plante\u00f3 fortalecer los v\u00ednculos con Rusia en una pol\u00edtica exterior soberana.","og_url":"https:\/\/horizontemultipolar.com\/en\/segunda-vuelta-en-peru-sanchez-plantea-una-politica-exterior-abierta-al-sur-global\/","og_site_name":"Horizonte Multipolar","article_published_time":"2026-04-24T10:31:26+00:00","article_modified_time":"2026-04-24T10:31:27+00:00","og_image":[{"width":1280,"height":960,"url":"https:\/\/horizontemultipolar.com\/wp-content\/uploads\/2026\/04\/whatsapp-image-2024-11-19-at-51024-pm.jpeg","type":"image\/jpeg"}],"author":"Santiago Caetano","twitter_card":"summary_large_image","twitter_misc":{"Written by":"Santiago Caetano","Est. reading time":"2 minutes"},"schema":{"@context":"https:\/\/schema.org","@graph":[{"@type":"Article","@id":"https:\/\/horizontemultipolar.com\/segunda-vuelta-en-peru-sanchez-plantea-una-politica-exterior-abierta-al-sur-global\/#article","isPartOf":{"@id":"https:\/\/horizontemultipolar.com\/segunda-vuelta-en-peru-sanchez-plantea-una-politica-exterior-abierta-al-sur-global\/"},"author":{"name":"Santiago Caetano","@id":"https:\/\/horizontemultipolar.com\/#\/schema\/person\/973f0bb7e3210cce5382e1aba243a6dc"},"headline":"Segunda vuelta en Per\u00fa: S\u00e1nchez plantea una pol\u00edtica exterior abierta al Sur Global","datePublished":"2026-04-24T10:31:26+00:00","dateModified":"2026-04-24T10:31:27+00:00","mainEntityOfPage":{"@id":"https:\/\/horizontemultipolar.com\/segunda-vuelta-en-peru-sanchez-plantea-una-politica-exterior-abierta-al-sur-global\/"},"wordCount":424,"commentCount":0,"publisher":{"@id":"https:\/\/horizontemultipolar.com\/#organization"},"image":{"@id":"https:\/\/horizontemultipolar.com\/segunda-vuelta-en-peru-sanchez-plantea-una-politica-exterior-abierta-al-sur-global\/#primaryimage"},"thumbnailUrl":"https:\/\/horizontemultipolar.com\/wp-content\/uploads\/2026\/04\/whatsapp-image-2024-11-19-at-51024-pm.jpeg","inLanguage":"en-US","potentialAction":[{"@type":"CommentAction","name":"Comment","target":["https:\/\/horizontemultipolar.com\/segunda-vuelta-en-peru-sanchez-plantea-una-politica-exterior-abierta-al-sur-global\/#respond"]}]},{"@type":"WebPage","@id":"https:\/\/horizontemultipolar.com\/segunda-vuelta-en-peru-sanchez-plantea-una-politica-exterior-abierta-al-sur-global\/","url":"https:\/\/horizontemultipolar.com\/segunda-vuelta-en-peru-sanchez-plantea-una-politica-exterior-abierta-al-sur-global\/","name":"Segunda vuelta en Per\u00fa: S\u00e1nchez plantea una pol\u00edtica exterior abierta al Sur Global - Horizonte Multipolar","isPartOf":{"@id":"https:\/\/horizontemultipolar.com\/#website"},"primaryImageOfPage":{"@id":"https:\/\/horizontemultipolar.com\/segunda-vuelta-en-peru-sanchez-plantea-una-politica-exterior-abierta-al-sur-global\/#primaryimage"},"image":{"@id":"https:\/\/horizontemultipolar.com\/segunda-vuelta-en-peru-sanchez-plantea-una-politica-exterior-abierta-al-sur-global\/#primaryimage"},"thumbnailUrl":"https:\/\/horizontemultipolar.com\/wp-content\/uploads\/2026\/04\/whatsapp-image-2024-11-19-at-51024-pm.jpeg","datePublished":"2026-04-24T10:31:26+00:00","dateModified":"2026-04-24T10:31:27+00:00","description":"Roberto S\u00e1nchez respald\u00f3 una eventual integraci\u00f3n de Per\u00fa a los BRICS y plante\u00f3 fortalecer los v\u00ednculos con Rusia en una pol\u00edtica exterior soberana.","breadcrumb":{"@id":"https:\/\/horizontemultipolar.com\/segunda-vuelta-en-peru-sanchez-plantea-una-politica-exterior-abierta-al-sur-global\/#breadcrumb"},"inLanguage":"en-US","potentialAction":[{"@type":"ReadAction","target":["https:\/\/horizontemultipolar.com\/segunda-vuelta-en-peru-sanchez-plantea-una-politica-exterior-abierta-al-sur-global\/"]}]},{"@type":"ImageObject","inLanguage":"en-US","@id":"https:\/\/horizontemultipolar.com\/segunda-vuelta-en-peru-sanchez-plantea-una-politica-exterior-abierta-al-sur-global\/#primaryimage","url":"https:\/\/horizontemultipolar.com\/wp-content\/uploads\/2026\/04\/whatsapp-image-2024-11-19-at-51024-pm.jpeg","contentUrl":"https:\/\/horizontemultipolar.com\/wp-content\/uploads\/2026\/04\/whatsapp-image-2024-11-19-at-51024-pm.jpeg","width":1280,"height":960},{"@type":"BreadcrumbList","@id":"https:\/\/horizontemultipolar.com\/segunda-vuelta-en-peru-sanchez-plantea-una-politica-exterior-abierta-al-sur-global\/#breadcrumb","itemListElement":[{"@type":"ListItem","position":1,"name":"Portada","item":"https:\/\/horizontemultipolar.com\/"},{"@type":"ListItem","position":2,"name":"Segunda vuelta en Per\u00fa: S\u00e1nchez plantea una pol\u00edtica exterior abierta al Sur Global"}]},{"@type":"WebSite","@id":"https:\/\/horizontemultipolar.com\/#website","url":"https:\/\/horizontemultipolar.com\/","name":"Horizonte Multipolar","description":"","publisher":{"@id":"https:\/\/horizontemultipolar.com\/#organization"},"potentialAction":[{"@type":"SearchAction","target":{"@type":"EntryPoint","urlTemplate":"https:\/\/horizontemultipolar.com\/?s={search_term_string}"},"query-input":{"@type":"PropertyValueSpecification","valueRequired":true,"valueName":"search_term_string"}}],"inLanguage":"en-US"},{"@type":"Organization","@id":"https:\/\/horizontemultipolar.com\/#organization","name":"Horizonte Multipolar","url":"https:\/\/horizontemultipolar.com\/","logo":{"@type":"ImageObject","inLanguage":"en-US","@id":"https:\/\/horizontemultipolar.com\/#\/schema\/logo\/image\/","url":"https:\/\/horizontemultipolar.com\/wp-content\/uploads\/2024\/10\/cropped-horizontemultipolar-2.png","contentUrl":"https:\/\/horizontemultipolar.com\/wp-content\/uploads\/2024\/10\/cropped-horizontemultipolar-2.png","width":856,"height":322,"caption":"Horizonte Multipolar"},"image":{"@id":"https:\/\/horizontemultipolar.com\/#\/schema\/logo\/image\/"}},{"@type":"Person","@id":"https:\/\/horizontemultipolar.com\/#\/schema\/person\/973f0bb7e3210cce5382e1aba243a6dc","name":"Santiago Caetano","image":{"@type":"ImageObject","inLanguage":"en-US","@id":"https:\/\/secure.gravatar.com\/avatar\/849f76a8cda674b37e2d1d847635dca1fc68ce0ef9457eb4cda9c270a099bea3?s=96&d=mm&r=g","url":"https:\/\/secure.gravatar.com\/avatar\/849f76a8cda674b37e2d1d847635dca1fc68ce0ef9457eb4cda9c270a099bea3?s=96&d=mm&r=g","contentUrl":"https:\/\/secure.gravatar.com\/avatar\/849f76a8cda674b37e2d1d847635dca1fc68ce0ef9457eb4cda9c270a099bea3?s=96&d=mm&r=g","caption":"Santiago Caetano"},"url":"https:\/\/horizontemultipolar.com\/en\/author\/santiago\/"}]}},"_links":{"self":[{"href":"https:\/\/horizontemultipolar.com\/en\/wp-json\/wp\/v2\/posts\/4050","targetHints":{"allow":["GET"]}}],"collection":[{"href":"https:\/\/horizontemultipolar.com\/en\/wp-json\/wp\/v2\/posts"}],"about":[{"href":"https:\/\/horizontemultipolar.com\/en\/wp-json\/wp\/v2\/types\/post"}],"author":[{"embeddable":true,"href":"https:\/\/horizontemultipolar.com\/en\/wp-json\/wp\/v2\/users\/3"}],"replies":[{"embeddable":true,"href":"https:\/\/horizontemultipolar.com\/en\/wp-json\/wp\/v2\/comments?post=4050"}],"version-history":[{"count":1,"href":"https:\/\/horizontemultipolar.com\/en\/wp-json\/wp\/v2\/posts\/4050\/revisions"}],"predecessor-version":[{"id":4052,"href":"https:\/\/horizontemultipolar.com\/en\/wp-json\/wp\/v2\/posts\/4050\/revisions\/4052"}],"wp:featuredmedia":[{"embeddable":true,"href":"https:\/\/horizontemultipolar.com\/en\/wp-json\/wp\/v2\/media\/4051"}],"wp:attachment":[{"href":"https:\/\/horizontemultipolar.com\/en\/wp-json\/wp\/v2\/media?parent=4050"}],"wp:term":[{"taxonomy":"category","embeddable":true,"href":"https:\/\/horizontemultipolar.com\/en\/wp-json\/wp\/v2\/categories?post=4050"},{"taxonomy":"post_tag","embeddable":true,"href":"https:\/\/horizontemultipolar.com\/en\/wp-json\/wp\/v2\/tags?post=4050"}],"curies":[{"name":"wp","href":"https:\/\/api.w.org\/{rel}","templated":true}]}}