{"id":4087,"date":"2026-04-29T15:39:43","date_gmt":"2026-04-29T15:39:43","guid":{"rendered":"https:\/\/horizontemultipolar.com\/?p=4087"},"modified":"2026-04-29T15:39:46","modified_gmt":"2026-04-29T15:39:46","slug":"brasil-defiende-el-acuerdo-mercosur-y-destaca-su-valor-frente-al-giro-unilateral-de-eeuu","status":"publish","type":"post","link":"https:\/\/horizontemultipolar.com\/en\/brasil-defiende-el-acuerdo-mercosur-y-destaca-su-valor-frente-al-giro-unilateral-de-eeuu\/","title":{"rendered":"Brasil defiende el acuerdo Mercosur y destaca su valor frente al giro unilateral de EEUU"},"content":{"rendered":"<p>La promulgaci\u00f3n del tratado de libre comercio entre el Mercado Com\u00fan del Sur (Mercosur) y la Uni\u00f3n Europea (UE), realizada este martes, fue presentada por Brasil como una nueva plataforma para ampliar sus oportunidades comerciales. Desde la perspectiva del Gobierno brasile\u00f1o, el entendimiento permitir\u00e1 mejorar la inserci\u00f3n internacional del bloque sudamericano, reducir barreras arancelarias y abrir nuevos espacios para sectores estrat\u00e9gicos como la industria, la agricultura y el desarrollo sostenible.<\/p>\n\n\n\n<p>El acuerdo comenzar\u00e1 a regir el pr\u00f3ximo viernes 1 de mayo. En una comparecencia p\u00fablica, el presidente brasile\u00f1o Luiz In\u00e1cio Lula da Silva defendi\u00f3 la relevancia del pacto y afirm\u00f3 que fue logrado \u201ca hierro, sudor y sangre, porque hay muchas cosas que quieren evitar que Brasil crezca, compita y ponga sus productos en el mercado extranjero\u201d.<\/p>\n\n\n\n<p>La inminente puesta en marcha del tratado, sin embargo, sigue generando resistencias. Desde Europa, distintos sectores pol\u00edticos y productivos han advertido sobre sus posibles efectos econ\u00f3micos y medioambientales, con especial atenci\u00f3n en las consecuencias que podr\u00eda tener sobre la Amazon\u00eda.<\/p>\n\n\n\n<p>Frente a esas objeciones, Brasil sostiene que su compromiso ambiental no est\u00e1 en discusi\u00f3n. El Gobierno argumenta que el nuevo marco comercial puede contribuir a elevar los est\u00e1ndares de sostenibilidad, fortalecer pr\u00e1cticas responsables y ordenar de manera m\u00e1s equilibrada las reglas del intercambio internacional.<\/p>\n\n\n\n<p>Para Lula, el pacto tambi\u00e9n debe leerse en una coyuntura global marcada por tensiones comerciales, disputas geopol\u00edticas y cuestionamientos al sistema multilateral. En ese marco, el presidente Lula da Silva subray\u00f3 que el tratado \u201clleg\u00f3 en un momento crucial, porque sirvi\u00f3 para reforzar la idea establecida del multilateralismo. Tras las medidas adoptadas por el presidente (estadounidense Donald) Trump, que impuso unilateralmente aranceles a todo el mundo\u201d.<\/p>\n\n\n\n<p>Con su entrada en vigor, el acuerdo Mercosur-UE dar\u00e1 forma a una de las mayores \u00e1reas de libre comercio del planeta, integrada por unos 700 millones de consumidores y equivalente al 25 por ciento del producto interno bruto global.<\/p>\n\n\n\n<p><\/p>","protected":false},"excerpt":{"rendered":"<p>La promulgaci\u00f3n del tratado de libre comercio entre el Mercado Com\u00fan del Sur (Mercosur) y la Uni\u00f3n Europea (UE), realizada este martes, fue presentada por Brasil como una nueva plataforma para ampliar sus oportunidades comerciales. Desde la perspectiva del Gobierno brasile\u00f1o, el entendimiento permitir\u00e1 mejorar la inserci\u00f3n internacional del bloque sudamericano, reducir barreras arancelarias y [&hellip;]<\/p>\n","protected":false},"author":3,"featured_media":4088,"comment_status":"open","ping_status":"open","sticky":false,"template":"","format":"standard","meta":{"footnotes":""},"categories":[],"tags":[],"class_list":["post-4087","post","type-post","status-publish","format-standard","has-post-thumbnail","hentry"],"yoast_head":"<!-- This site is optimized with the Yoast SEO plugin v27.5 - https:\/\/yoast.com\/product\/yoast-seo-wordpress\/ -->\n<title>Brasil defiende el acuerdo Mercosur y destaca su valor frente al giro unilateral de EEUU - Horizonte Multipolar<\/title>\n<meta name=\"description\" content=\"Brasil destac\u00f3 la entrada en vigor del acuerdo Mercosur-UE como una apuesta por el multilateralismo, pese a las cr\u00edticas europeas por su impacto ambiental y econ\u00f3mico.\" \/>\n<meta name=\"robots\" content=\"index, follow, max-snippet:-1, max-image-preview:large, max-video-preview:-1\" \/>\n<link rel=\"canonical\" href=\"https:\/\/horizontemultipolar.com\/en\/brasil-defiende-el-acuerdo-mercosur-y-destaca-su-valor-frente-al-giro-unilateral-de-eeuu\/\" \/>\n<meta property=\"og:locale\" content=\"en_US\" \/>\n<meta property=\"og:type\" content=\"article\" \/>\n<meta property=\"og:title\" content=\"Brasil defiende el acuerdo Mercosur y destaca su valor frente al giro unilateral de EEUU - Horizonte Multipolar\" \/>\n<meta property=\"og:description\" content=\"Brasil destac\u00f3 la entrada en vigor del acuerdo Mercosur-UE como una apuesta por el multilateralismo, pese a las cr\u00edticas europeas por su impacto ambiental y econ\u00f3mico.\" \/>\n<meta property=\"og:url\" content=\"https:\/\/horizontemultipolar.com\/en\/brasil-defiende-el-acuerdo-mercosur-y-destaca-su-valor-frente-al-giro-unilateral-de-eeuu\/\" \/>\n<meta property=\"og:site_name\" content=\"Horizonte Multipolar\" \/>\n<meta property=\"article:published_time\" content=\"2026-04-29T15:39:43+00:00\" \/>\n<meta property=\"article:modified_time\" content=\"2026-04-29T15:39:46+00:00\" \/>\n<meta property=\"og:image\" content=\"https:\/\/horizontemultipolar.com\/wp-content\/uploads\/2026\/04\/ue-mercosur-articulo.jpg\" \/>\n\t<meta property=\"og:image:width\" content=\"1600\" \/>\n\t<meta property=\"og:image:height\" content=\"900\" \/>\n\t<meta property=\"og:image:type\" content=\"image\/jpeg\" \/>\n<meta name=\"author\" content=\"Santiago Caetano\" \/>\n<meta name=\"twitter:card\" content=\"summary_large_image\" \/>\n<meta name=\"twitter:label1\" content=\"Written by\" \/>\n\t<meta name=\"twitter:data1\" content=\"Santiago Caetano\" \/>\n\t<meta name=\"twitter:label2\" content=\"Est. reading time\" \/>\n\t<meta name=\"twitter:data2\" content=\"2 minutes\" \/>\n<script type=\"application\/ld+json\" class=\"yoast-schema-graph\">{\"@context\":\"https:\\\/\\\/schema.org\",\"@graph\":[{\"@type\":\"Article\",\"@id\":\"https:\\\/\\\/horizontemultipolar.com\\\/brasil-defiende-el-acuerdo-mercosur-y-destaca-su-valor-frente-al-giro-unilateral-de-eeuu\\\/#article\",\"isPartOf\":{\"@id\":\"https:\\\/\\\/horizontemultipolar.com\\\/brasil-defiende-el-acuerdo-mercosur-y-destaca-su-valor-frente-al-giro-unilateral-de-eeuu\\\/\"},\"author\":{\"name\":\"Santiago Caetano\",\"@id\":\"https:\\\/\\\/horizontemultipolar.com\\\/#\\\/schema\\\/person\\\/973f0bb7e3210cce5382e1aba243a6dc\"},\"headline\":\"Brasil defiende el acuerdo Mercosur y destaca su valor frente al giro unilateral de EEUU\",\"datePublished\":\"2026-04-29T15:39:43+00:00\",\"dateModified\":\"2026-04-29T15:39:46+00:00\",\"mainEntityOfPage\":{\"@id\":\"https:\\\/\\\/horizontemultipolar.com\\\/brasil-defiende-el-acuerdo-mercosur-y-destaca-su-valor-frente-al-giro-unilateral-de-eeuu\\\/\"},\"wordCount\":349,\"commentCount\":0,\"publisher\":{\"@id\":\"https:\\\/\\\/horizontemultipolar.com\\\/#organization\"},\"image\":{\"@id\":\"https:\\\/\\\/horizontemultipolar.com\\\/brasil-defiende-el-acuerdo-mercosur-y-destaca-su-valor-frente-al-giro-unilateral-de-eeuu\\\/#primaryimage\"},\"thumbnailUrl\":\"https:\\\/\\\/horizontemultipolar.com\\\/wp-content\\\/uploads\\\/2026\\\/04\\\/ue-mercosur-articulo.jpg\",\"inLanguage\":\"en-US\",\"potentialAction\":[{\"@type\":\"CommentAction\",\"name\":\"Comment\",\"target\":[\"https:\\\/\\\/horizontemultipolar.com\\\/brasil-defiende-el-acuerdo-mercosur-y-destaca-su-valor-frente-al-giro-unilateral-de-eeuu\\\/#respond\"]}]},{\"@type\":\"WebPage\",\"@id\":\"https:\\\/\\\/horizontemultipolar.com\\\/brasil-defiende-el-acuerdo-mercosur-y-destaca-su-valor-frente-al-giro-unilateral-de-eeuu\\\/\",\"url\":\"https:\\\/\\\/horizontemultipolar.com\\\/brasil-defiende-el-acuerdo-mercosur-y-destaca-su-valor-frente-al-giro-unilateral-de-eeuu\\\/\",\"name\":\"Brasil defiende el acuerdo Mercosur y destaca su valor frente al giro unilateral de EEUU - Horizonte Multipolar\",\"isPartOf\":{\"@id\":\"https:\\\/\\\/horizontemultipolar.com\\\/#website\"},\"primaryImageOfPage\":{\"@id\":\"https:\\\/\\\/horizontemultipolar.com\\\/brasil-defiende-el-acuerdo-mercosur-y-destaca-su-valor-frente-al-giro-unilateral-de-eeuu\\\/#primaryimage\"},\"image\":{\"@id\":\"https:\\\/\\\/horizontemultipolar.com\\\/brasil-defiende-el-acuerdo-mercosur-y-destaca-su-valor-frente-al-giro-unilateral-de-eeuu\\\/#primaryimage\"},\"thumbnailUrl\":\"https:\\\/\\\/horizontemultipolar.com\\\/wp-content\\\/uploads\\\/2026\\\/04\\\/ue-mercosur-articulo.jpg\",\"datePublished\":\"2026-04-29T15:39:43+00:00\",\"dateModified\":\"2026-04-29T15:39:46+00:00\",\"description\":\"Brasil destac\u00f3 la entrada en vigor del acuerdo Mercosur-UE como una apuesta por el multilateralismo, pese a las cr\u00edticas europeas por su impacto ambiental y econ\u00f3mico.\",\"breadcrumb\":{\"@id\":\"https:\\\/\\\/horizontemultipolar.com\\\/brasil-defiende-el-acuerdo-mercosur-y-destaca-su-valor-frente-al-giro-unilateral-de-eeuu\\\/#breadcrumb\"},\"inLanguage\":\"en-US\",\"potentialAction\":[{\"@type\":\"ReadAction\",\"target\":[\"https:\\\/\\\/horizontemultipolar.com\\\/brasil-defiende-el-acuerdo-mercosur-y-destaca-su-valor-frente-al-giro-unilateral-de-eeuu\\\/\"]}]},{\"@type\":\"ImageObject\",\"inLanguage\":\"en-US\",\"@id\":\"https:\\\/\\\/horizontemultipolar.com\\\/brasil-defiende-el-acuerdo-mercosur-y-destaca-su-valor-frente-al-giro-unilateral-de-eeuu\\\/#primaryimage\",\"url\":\"https:\\\/\\\/horizontemultipolar.com\\\/wp-content\\\/uploads\\\/2026\\\/04\\\/ue-mercosur-articulo.jpg\",\"contentUrl\":\"https:\\\/\\\/horizontemultipolar.com\\\/wp-content\\\/uploads\\\/2026\\\/04\\\/ue-mercosur-articulo.jpg\",\"width\":1600,\"height\":900},{\"@type\":\"BreadcrumbList\",\"@id\":\"https:\\\/\\\/horizontemultipolar.com\\\/brasil-defiende-el-acuerdo-mercosur-y-destaca-su-valor-frente-al-giro-unilateral-de-eeuu\\\/#breadcrumb\",\"itemListElement\":[{\"@type\":\"ListItem\",\"position\":1,\"name\":\"Portada\",\"item\":\"https:\\\/\\\/horizontemultipolar.com\\\/\"},{\"@type\":\"ListItem\",\"position\":2,\"name\":\"Brasil defiende el acuerdo Mercosur y destaca su valor frente al giro unilateral de EEUU\"}]},{\"@type\":\"WebSite\",\"@id\":\"https:\\\/\\\/horizontemultipolar.com\\\/#website\",\"url\":\"https:\\\/\\\/horizontemultipolar.com\\\/\",\"name\":\"Horizonte Multipolar\",\"description\":\"\",\"publisher\":{\"@id\":\"https:\\\/\\\/horizontemultipolar.com\\\/#organization\"},\"potentialAction\":[{\"@type\":\"SearchAction\",\"target\":{\"@type\":\"EntryPoint\",\"urlTemplate\":\"https:\\\/\\\/horizontemultipolar.com\\\/?s={search_term_string}\"},\"query-input\":{\"@type\":\"PropertyValueSpecification\",\"valueRequired\":true,\"valueName\":\"search_term_string\"}}],\"inLanguage\":\"en-US\"},{\"@type\":\"Organization\",\"@id\":\"https:\\\/\\\/horizontemultipolar.com\\\/#organization\",\"name\":\"Horizonte Multipolar\",\"url\":\"https:\\\/\\\/horizontemultipolar.com\\\/\",\"logo\":{\"@type\":\"ImageObject\",\"inLanguage\":\"en-US\",\"@id\":\"https:\\\/\\\/horizontemultipolar.com\\\/#\\\/schema\\\/logo\\\/image\\\/\",\"url\":\"https:\\\/\\\/horizontemultipolar.com\\\/wp-content\\\/uploads\\\/2024\\\/10\\\/cropped-horizontemultipolar-2.png\",\"contentUrl\":\"https:\\\/\\\/horizontemultipolar.com\\\/wp-content\\\/uploads\\\/2024\\\/10\\\/cropped-horizontemultipolar-2.png\",\"width\":856,\"height\":322,\"caption\":\"Horizonte Multipolar\"},\"image\":{\"@id\":\"https:\\\/\\\/horizontemultipolar.com\\\/#\\\/schema\\\/logo\\\/image\\\/\"}},{\"@type\":\"Person\",\"@id\":\"https:\\\/\\\/horizontemultipolar.com\\\/#\\\/schema\\\/person\\\/973f0bb7e3210cce5382e1aba243a6dc\",\"name\":\"Santiago Caetano\",\"image\":{\"@type\":\"ImageObject\",\"inLanguage\":\"en-US\",\"@id\":\"https:\\\/\\\/secure.gravatar.com\\\/avatar\\\/849f76a8cda674b37e2d1d847635dca1fc68ce0ef9457eb4cda9c270a099bea3?s=96&d=mm&r=g\",\"url\":\"https:\\\/\\\/secure.gravatar.com\\\/avatar\\\/849f76a8cda674b37e2d1d847635dca1fc68ce0ef9457eb4cda9c270a099bea3?s=96&d=mm&r=g\",\"contentUrl\":\"https:\\\/\\\/secure.gravatar.com\\\/avatar\\\/849f76a8cda674b37e2d1d847635dca1fc68ce0ef9457eb4cda9c270a099bea3?s=96&d=mm&r=g\",\"caption\":\"Santiago Caetano\"},\"url\":\"https:\\\/\\\/horizontemultipolar.com\\\/en\\\/author\\\/santiago\\\/\"}]}<\/script>\n<!-- \/ Yoast SEO plugin. -->","yoast_head_json":{"title":"Brasil defiende el acuerdo Mercosur y destaca su valor frente al giro unilateral de EEUU - Horizonte Multipolar","description":"Brasil destac\u00f3 la entrada en vigor del acuerdo Mercosur-UE como una apuesta por el multilateralismo, pese a las cr\u00edticas europeas por su impacto ambiental y econ\u00f3mico.","robots":{"index":"index","follow":"follow","max-snippet":"max-snippet:-1","max-image-preview":"max-image-preview:large","max-video-preview":"max-video-preview:-1"},"canonical":"https:\/\/horizontemultipolar.com\/en\/brasil-defiende-el-acuerdo-mercosur-y-destaca-su-valor-frente-al-giro-unilateral-de-eeuu\/","og_locale":"en_US","og_type":"article","og_title":"Brasil defiende el acuerdo Mercosur y destaca su valor frente al giro unilateral de EEUU - Horizonte Multipolar","og_description":"Brasil destac\u00f3 la entrada en vigor del acuerdo Mercosur-UE como una apuesta por el multilateralismo, pese a las cr\u00edticas europeas por su impacto ambiental y econ\u00f3mico.","og_url":"https:\/\/horizontemultipolar.com\/en\/brasil-defiende-el-acuerdo-mercosur-y-destaca-su-valor-frente-al-giro-unilateral-de-eeuu\/","og_site_name":"Horizonte Multipolar","article_published_time":"2026-04-29T15:39:43+00:00","article_modified_time":"2026-04-29T15:39:46+00:00","og_image":[{"width":1600,"height":900,"url":"https:\/\/horizontemultipolar.com\/wp-content\/uploads\/2026\/04\/ue-mercosur-articulo.jpg","type":"image\/jpeg"}],"author":"Santiago Caetano","twitter_card":"summary_large_image","twitter_misc":{"Written by":"Santiago Caetano","Est. reading time":"2 minutes"},"schema":{"@context":"https:\/\/schema.org","@graph":[{"@type":"Article","@id":"https:\/\/horizontemultipolar.com\/brasil-defiende-el-acuerdo-mercosur-y-destaca-su-valor-frente-al-giro-unilateral-de-eeuu\/#article","isPartOf":{"@id":"https:\/\/horizontemultipolar.com\/brasil-defiende-el-acuerdo-mercosur-y-destaca-su-valor-frente-al-giro-unilateral-de-eeuu\/"},"author":{"name":"Santiago Caetano","@id":"https:\/\/horizontemultipolar.com\/#\/schema\/person\/973f0bb7e3210cce5382e1aba243a6dc"},"headline":"Brasil defiende el acuerdo Mercosur y destaca su valor frente al giro unilateral de EEUU","datePublished":"2026-04-29T15:39:43+00:00","dateModified":"2026-04-29T15:39:46+00:00","mainEntityOfPage":{"@id":"https:\/\/horizontemultipolar.com\/brasil-defiende-el-acuerdo-mercosur-y-destaca-su-valor-frente-al-giro-unilateral-de-eeuu\/"},"wordCount":349,"commentCount":0,"publisher":{"@id":"https:\/\/horizontemultipolar.com\/#organization"},"image":{"@id":"https:\/\/horizontemultipolar.com\/brasil-defiende-el-acuerdo-mercosur-y-destaca-su-valor-frente-al-giro-unilateral-de-eeuu\/#primaryimage"},"thumbnailUrl":"https:\/\/horizontemultipolar.com\/wp-content\/uploads\/2026\/04\/ue-mercosur-articulo.jpg","inLanguage":"en-US","potentialAction":[{"@type":"CommentAction","name":"Comment","target":["https:\/\/horizontemultipolar.com\/brasil-defiende-el-acuerdo-mercosur-y-destaca-su-valor-frente-al-giro-unilateral-de-eeuu\/#respond"]}]},{"@type":"WebPage","@id":"https:\/\/horizontemultipolar.com\/brasil-defiende-el-acuerdo-mercosur-y-destaca-su-valor-frente-al-giro-unilateral-de-eeuu\/","url":"https:\/\/horizontemultipolar.com\/brasil-defiende-el-acuerdo-mercosur-y-destaca-su-valor-frente-al-giro-unilateral-de-eeuu\/","name":"Brasil defiende el acuerdo Mercosur y destaca su valor frente al giro unilateral de EEUU - Horizonte Multipolar","isPartOf":{"@id":"https:\/\/horizontemultipolar.com\/#website"},"primaryImageOfPage":{"@id":"https:\/\/horizontemultipolar.com\/brasil-defiende-el-acuerdo-mercosur-y-destaca-su-valor-frente-al-giro-unilateral-de-eeuu\/#primaryimage"},"image":{"@id":"https:\/\/horizontemultipolar.com\/brasil-defiende-el-acuerdo-mercosur-y-destaca-su-valor-frente-al-giro-unilateral-de-eeuu\/#primaryimage"},"thumbnailUrl":"https:\/\/horizontemultipolar.com\/wp-content\/uploads\/2026\/04\/ue-mercosur-articulo.jpg","datePublished":"2026-04-29T15:39:43+00:00","dateModified":"2026-04-29T15:39:46+00:00","description":"Brasil destac\u00f3 la entrada en vigor del acuerdo Mercosur-UE como una apuesta por el multilateralismo, pese a las cr\u00edticas europeas por su impacto ambiental y econ\u00f3mico.","breadcrumb":{"@id":"https:\/\/horizontemultipolar.com\/brasil-defiende-el-acuerdo-mercosur-y-destaca-su-valor-frente-al-giro-unilateral-de-eeuu\/#breadcrumb"},"inLanguage":"en-US","potentialAction":[{"@type":"ReadAction","target":["https:\/\/horizontemultipolar.com\/brasil-defiende-el-acuerdo-mercosur-y-destaca-su-valor-frente-al-giro-unilateral-de-eeuu\/"]}]},{"@type":"ImageObject","inLanguage":"en-US","@id":"https:\/\/horizontemultipolar.com\/brasil-defiende-el-acuerdo-mercosur-y-destaca-su-valor-frente-al-giro-unilateral-de-eeuu\/#primaryimage","url":"https:\/\/horizontemultipolar.com\/wp-content\/uploads\/2026\/04\/ue-mercosur-articulo.jpg","contentUrl":"https:\/\/horizontemultipolar.com\/wp-content\/uploads\/2026\/04\/ue-mercosur-articulo.jpg","width":1600,"height":900},{"@type":"BreadcrumbList","@id":"https:\/\/horizontemultipolar.com\/brasil-defiende-el-acuerdo-mercosur-y-destaca-su-valor-frente-al-giro-unilateral-de-eeuu\/#breadcrumb","itemListElement":[{"@type":"ListItem","position":1,"name":"Portada","item":"https:\/\/horizontemultipolar.com\/"},{"@type":"ListItem","position":2,"name":"Brasil defiende el acuerdo Mercosur y destaca su valor frente al giro unilateral de EEUU"}]},{"@type":"WebSite","@id":"https:\/\/horizontemultipolar.com\/#website","url":"https:\/\/horizontemultipolar.com\/","name":"Horizonte Multipolar","description":"","publisher":{"@id":"https:\/\/horizontemultipolar.com\/#organization"},"potentialAction":[{"@type":"SearchAction","target":{"@type":"EntryPoint","urlTemplate":"https:\/\/horizontemultipolar.com\/?s={search_term_string}"},"query-input":{"@type":"PropertyValueSpecification","valueRequired":true,"valueName":"search_term_string"}}],"inLanguage":"en-US"},{"@type":"Organization","@id":"https:\/\/horizontemultipolar.com\/#organization","name":"Horizonte Multipolar","url":"https:\/\/horizontemultipolar.com\/","logo":{"@type":"ImageObject","inLanguage":"en-US","@id":"https:\/\/horizontemultipolar.com\/#\/schema\/logo\/image\/","url":"https:\/\/horizontemultipolar.com\/wp-content\/uploads\/2024\/10\/cropped-horizontemultipolar-2.png","contentUrl":"https:\/\/horizontemultipolar.com\/wp-content\/uploads\/2024\/10\/cropped-horizontemultipolar-2.png","width":856,"height":322,"caption":"Horizonte Multipolar"},"image":{"@id":"https:\/\/horizontemultipolar.com\/#\/schema\/logo\/image\/"}},{"@type":"Person","@id":"https:\/\/horizontemultipolar.com\/#\/schema\/person\/973f0bb7e3210cce5382e1aba243a6dc","name":"Santiago Caetano","image":{"@type":"ImageObject","inLanguage":"en-US","@id":"https:\/\/secure.gravatar.com\/avatar\/849f76a8cda674b37e2d1d847635dca1fc68ce0ef9457eb4cda9c270a099bea3?s=96&d=mm&r=g","url":"https:\/\/secure.gravatar.com\/avatar\/849f76a8cda674b37e2d1d847635dca1fc68ce0ef9457eb4cda9c270a099bea3?s=96&d=mm&r=g","contentUrl":"https:\/\/secure.gravatar.com\/avatar\/849f76a8cda674b37e2d1d847635dca1fc68ce0ef9457eb4cda9c270a099bea3?s=96&d=mm&r=g","caption":"Santiago Caetano"},"url":"https:\/\/horizontemultipolar.com\/en\/author\/santiago\/"}]}},"_links":{"self":[{"href":"https:\/\/horizontemultipolar.com\/en\/wp-json\/wp\/v2\/posts\/4087","targetHints":{"allow":["GET"]}}],"collection":[{"href":"https:\/\/horizontemultipolar.com\/en\/wp-json\/wp\/v2\/posts"}],"about":[{"href":"https:\/\/horizontemultipolar.com\/en\/wp-json\/wp\/v2\/types\/post"}],"author":[{"embeddable":true,"href":"https:\/\/horizontemultipolar.com\/en\/wp-json\/wp\/v2\/users\/3"}],"replies":[{"embeddable":true,"href":"https:\/\/horizontemultipolar.com\/en\/wp-json\/wp\/v2\/comments?post=4087"}],"version-history":[{"count":1,"href":"https:\/\/horizontemultipolar.com\/en\/wp-json\/wp\/v2\/posts\/4087\/revisions"}],"predecessor-version":[{"id":4089,"href":"https:\/\/horizontemultipolar.com\/en\/wp-json\/wp\/v2\/posts\/4087\/revisions\/4089"}],"wp:featuredmedia":[{"embeddable":true,"href":"https:\/\/horizontemultipolar.com\/en\/wp-json\/wp\/v2\/media\/4088"}],"wp:attachment":[{"href":"https:\/\/horizontemultipolar.com\/en\/wp-json\/wp\/v2\/media?parent=4087"}],"wp:term":[{"taxonomy":"category","embeddable":true,"href":"https:\/\/horizontemultipolar.com\/en\/wp-json\/wp\/v2\/categories?post=4087"},{"taxonomy":"post_tag","embeddable":true,"href":"https:\/\/horizontemultipolar.com\/en\/wp-json\/wp\/v2\/tags?post=4087"}],"curies":[{"name":"wp","href":"https:\/\/api.w.org\/{rel}","templated":true}]}}