{"id":3598,"date":"2026-02-02T11:25:03","date_gmt":"2026-02-02T11:25:03","guid":{"rendered":"https:\/\/horizontemultipolar.com\/?p=3598"},"modified":"2026-02-02T11:25:06","modified_gmt":"2026-02-02T11:25:06","slug":"contacto-en-panama","status":"publish","type":"post","link":"https:\/\/horizontemultipolar.com\/pt\/contacto-en-panama\/","title":{"rendered":"Contacto en Panam\u00e1"},"content":{"rendered":"<p>*Por Jorge Elbaum<\/p>\n\n\n\n<p>En la \u00faltima semana, se llev\u00f3 a cabo en la Ciudad de Panam\u00e1el Foro Econ\u00f2mico Internacional, conocido informalmente como el Davos latinoamericano y caribe\u00f1o. El encuentro fue organizado por CAF, el banco iberoamericano conformado por 24 pa\u00edses. En sus dos d\u00edas de deliberaciones participaron siete presidentes en ejercicio y uno electo, y alrededor de seis mil asistentes provenientes de 70 pa\u00edses.<\/p>\n\n\n\n<p>El anfitri\u00f3n fue Ra\u00fal Mulino, presidente de Panam\u00e1, quien recibi\u00f3 a los jefes de Estado: Luiz In\u00e1cio Lula Da Silva de Brasil; Rodrigo Paz Pereira de Bolivia; Gustavo Petro, de Colombia; Daniel Noboa de Ecuador; Bernardo Ar\u00e9valo de Guatemala; al primer ministro electo de Jamaica, Andrew Holness; y al presidente electo Jos\u00e9 Antonio Kast, de Chile. Seg\u00fan los organizadores de CAF, Javier Milei fue invitado, pero se excus\u00f3 debido a compromisos impostergables: ten\u00eda una presentaci\u00f3n art\u00edstica en Mar del Plata.<\/p>\n\n\n\n<p>La agenda del evento fue monitoreada de forma diligente por una decena de \u00abempresarios estadunidenses\u00bb, que muchos asistentes identificaron como funcionarios del Departamento de Estado y del Departamento de Inteligencia Nacional. Esta \u00faltima, dirigida por Tulsi Gabbard, jefa de 18 agencias, entre las que se encuentran la CIA y el FBI.<\/p>\n\n\n\n<p>Los discursos de los mandatarios y los intercambios realizados en las 50 mesas programadas estuvieron atravesados por cinco temas que fueron parte de todas las exposiciones y debates, para fastidio de los enviados de Washington: (a) la integraci\u00f3n regional latinoamericana y caribe\u00f1a; (b) la ofensiva hemisf\u00e9rica estadounidense; (c) los efectos en el continente de la agresi\u00f3n a Venezuela y Cuba; (d) las mutaciones financieras a nivel global, sobre todo en relaci\u00f3n al d\u00f3lar y al oro; y (e) el v\u00ednculo de la regi\u00f3n con la Rep\u00fablica Popular China.<\/p>\n\n\n\n<p>En esos cinco ejes se condensan las contradicciones estructurales que atraviesan el v\u00ednculo actual de Latinoam\u00e9rica y el Caribe respecto a Washington. Dichas discordancias se hicieron m\u00e1s expl\u00edcitas al observarse la presencia de una nutrida delegaci\u00f3n de empresarios chinos que terminaron constituy\u00e9ndose \u2013para inquietud de los \u00abempresarios estadounidenses\u00bb\u2013 en uno de los grupos m\u00e1s solicitadosdentro de las ruedas de negocios. La&nbsp;<a href=\"https:\/\/www.caf.com\/es\/actualidad\/noticias\/mas-integracion-regional-para-superar-retos-del-comercio-global\/\">integraci\u00f3n regional<\/a>&nbsp;ha sido siempre un t\u00f3pico mal visto por los Estados Unidos. Desde la perspectiva imperial, la articulaci\u00f3n regional es vista como un desaf\u00edo flagrante a su hegemon\u00eda.<\/p>\n\n\n\n<p>Partiendo de esta contradicci\u00f3n b\u00e1sica, el discurso del mandatario brasile\u00f1o, In\u00e1cio Lula Da Silva, se focaliz\u00f3 en advertir que: \u00abSeguir divididos nos torna a todos m\u00e1s fr\u00e1giles (\u2026) En un contexto de ruptura del orden liberal, de resurgimiento del proteccionismo y del unilateralismo necesitamos actuar con pragmatismo (\u2026) Ning\u00fan pa\u00eds de la regi\u00f3n resolver\u00e1 solo sus desaf\u00edos hist\u00f3ricos; solo la acci\u00f3n colectiva nos permitir\u00e1 fortalecer nuestra inserci\u00f3n internacional y garantizar desarrollo, paz y prosperidad para nuestros pueblos\u201d.<\/p>\n\n\n\n<p>La delegaci\u00f3n estadounidense, lejos de valorar la reivindicaci\u00f3n de Lula como una apelaci\u00f3n a la cooperaci\u00f3n,termin\u00f3 cuestion\u00e1ndola por considerarla un desaf\u00edo a su hegemon\u00eda hemisf\u00e9rica. La referencia al \u00abpragmatismo\u00bb por parte de quien fuera un sindicalista metal\u00fargico busc\u00f3 desideologizar las relaciones internacionales, tal como exige desde hace d\u00e9cadas el mandatario chino Xi Jinping.<\/p>\n\n\n\n<p>Los paneles que enriquecieron el encuentro postularon diferentes iniciativas para superar la fragmentaci\u00f3n incentivada por el trumpismo: la creaci\u00f3n de corredores bioce\u00e1nicos que logren autonomizar los circuitos comerciales de los mandatos de las corporaciones financieras; las interconexiones energ\u00e9ticas y el\u00e9ctricas binacionales; la operatoria digital com\u00fan, capaz de universalizar el acceso y garantizar la soberan\u00eda de los datos; la planificaci\u00f3n conjunta para industrializar regionalmente las materias primas; el&nbsp; tr\u00e1nsito hacia una bioeconom\u00eda circular que postule una agricultura clim\u00e1ticamente inteligente y sostenible; un abordaje com\u00fan de las deudas externas; la participaci\u00f3n en posibles alternativas a la actual&nbsp; arquitectura financiera global; el abordaje de las deudas externas; y el tratamiento mancomunado de la desigualdad social.<\/p>\n\n\n\n<p>La integraci\u00f3n no es posible sin autonom\u00eda e independencia. Y eso es justamente lo que pretende implosionar el corolario Trump de la Doctrina Monroe. El supra-imperialismo hemisf\u00e9rico pretende instalar \u00absoberan\u00edas de baja intensidad\u00bb, una forma brutal de protectorado gelatinoso que se impone por atropello (Venezuela y Cuba), o por criterios de vasallaje asumido (Javier Milei, Daniel Noboa, Jos\u00e9 Antonio Kast, etc.)<\/p>\n\n\n\n<p>Estos \u00faltimos se someten lascivamente a las prioridades estrat\u00e9gicas de quien los protege para que puedan hambrear o reprimir a sus respectivos pueblos. En uno de los eventos nocturnos informales, un funcionario mexicano cit\u00f3 a Sun Tzu para referirse al ataque de Washington contra Venezuela: \u00abSi un contendiente fuerte no logra vencer al d\u00e9bil, entonces pierde, sin importar el da\u00f1o que le haya ocasionado\u00bb.<\/p>\n\n\n\n<p>En este marco, los casos de Venezuela y Cuba fueron abordados en los debates informales del Foro, para no despertar la insidia de quienes vigilaban el encuentro. Respecto a la militarizaci\u00f3n en el Caribe, la preocupaci\u00f3n se focaliz\u00f3 en hacer admitirla desconfianza crecientey la p\u00e9rdida de legitimidad, que empieza a caracterizar la relaci\u00f3n de la regi\u00f3n respecto a Washington.<\/p>\n\n\n\n<p>La asunci\u00f3n de que las nuevas pol\u00edticas hemisf\u00e9ricas enlazan instrumentos arancelarios, militares y racistas \u2013\u2013como la persecuci\u00f3n a grupos migratorios latinoamericanos y caribe\u00f1os\u2013\u2013, fue se\u00f1alada como problem\u00e1tica por parte de las delegaciones europeas. Los empresarios venezolanos presentes, muchos de ellos residentes en Miami, explicaron porqu\u00e9 una invasi\u00f3n militar estadounidense no es posible: &nbsp;\u00abLlevar\u00eda a una guerra civil por d\u00e9cadas\u00bb sin que el&nbsp;<em>Cambio de R\u00e9gimen<\/em>&nbsp;est\u00e9 garantizado, tal como exig\u00eda Narco Rubio tiempo atr\u00e1s.<\/p>\n\n\n\n<p>El caso de Cuba, a quien Trump prohibi\u00f3 la importaci\u00f3n de combustible la \u00faltima semana,podr\u00eda convertirse en poco tiempo en un desastre humanitario, con posibilidades de impactar incluso dentro de los Estados Unidos. Un empresario colombiano que arrib\u00f3 con la delegaci\u00f3n de Gustavo Petro opin\u00f3, con pedido de anonimato, que \u00ablos cubanos superaron el&nbsp;<a href=\"http:\/\/www.cubadebate.cu\/etiqueta\/periodo-especial\/\"><em>periodo especial<\/em><\/a>&nbsp;y vieron terminar el mandato de 13 presidentes estadounidenses. Probablemente cuentan con el pueblo m\u00e1s resistente que existe\u00bb.<\/p>\n\n\n\n<p>El cuarto tema que traves\u00f3 el coloquio se relacion\u00f3 con los vertiginosos cambios financieros que se est\u00e1n observando a nivel global, sobre todo la transici\u00f3n del d\u00f3lar al oro. Por \u00faltimo, el fantasma que recorri\u00f3 los salones del Centro de Convenciones irrumpi\u00f3 de la mano de un informe elaborado por consultores empresariales europeos, basado en datos del Banco Mundial y del FMI: para fines de 2025, China ya contaba con un PBI\u2014medido por Paridad de Poder Adquisitivo\u2014superior a los Estados Unidos. Es comprensible la desesperaci\u00f3n de Trump.<\/p>\n\n\n\n<p><\/p>","protected":false},"excerpt":{"rendered":"<p>*Por Jorge Elbaum En la \u00faltima semana, se llev\u00f3 a cabo en la Ciudad de Panam\u00e1el Foro Econ\u00f2mico Internacional, conocido informalmente como el Davos latinoamericano y caribe\u00f1o. El encuentro fue organizado por CAF, el banco iberoamericano conformado por 24 pa\u00edses. En sus dos d\u00edas de deliberaciones participaron siete presidentes en ejercicio y uno electo, y [&hellip;]<\/p>\n","protected":false},"author":3,"featured_media":3599,"comment_status":"open","ping_status":"open","sticky":false,"template":"","format":"standard","meta":{"footnotes":""},"categories":[],"tags":[],"class_list":["post-3598","post","type-post","status-publish","format-standard","has-post-thumbnail","hentry"],"yoast_head":"<!-- This site is optimized with the Yoast SEO plugin v27.4 - https:\/\/yoast.com\/product\/yoast-seo-wordpress\/ -->\n<title>Contacto en Panam\u00e1 - Horizonte Multipolar<\/title>\n<meta name=\"description\" content=\"Cr\u00f3nica del Foro Econ\u00f3mico de Panam\u00e1: integraci\u00f3n regional, tensi\u00f3n con Washington, China en ascenso y el trasfondo geopol\u00edtico que incomoda a EE.UU.\" \/>\n<meta name=\"robots\" content=\"index, follow, max-snippet:-1, max-image-preview:large, max-video-preview:-1\" \/>\n<link rel=\"canonical\" href=\"https:\/\/horizontemultipolar.com\/pt\/contacto-en-panama\/\" \/>\n<meta property=\"og:locale\" content=\"pt_BR\" \/>\n<meta property=\"og:type\" content=\"article\" \/>\n<meta property=\"og:title\" content=\"Contacto en Panam\u00e1 - Horizonte Multipolar\" \/>\n<meta property=\"og:description\" content=\"Cr\u00f3nica del Foro Econ\u00f3mico de Panam\u00e1: integraci\u00f3n regional, tensi\u00f3n con Washington, China en ascenso y el trasfondo geopol\u00edtico que incomoda a EE.UU.\" \/>\n<meta property=\"og:url\" content=\"https:\/\/horizontemultipolar.com\/pt\/contacto-en-panama\/\" \/>\n<meta property=\"og:site_name\" content=\"Horizonte Multipolar\" \/>\n<meta property=\"article:published_time\" content=\"2026-02-02T11:25:03+00:00\" \/>\n<meta property=\"article:modified_time\" content=\"2026-02-02T11:25:06+00:00\" \/>\n<meta property=\"og:image\" content=\"https:\/\/horizontemultipolar.com\/wp-content\/uploads\/2026\/02\/images-2.jpg\" \/>\n\t<meta property=\"og:image:width\" content=\"275\" \/>\n\t<meta property=\"og:image:height\" content=\"183\" \/>\n\t<meta property=\"og:image:type\" content=\"image\/jpeg\" \/>\n<meta name=\"author\" content=\"Santiago Caetano\" \/>\n<meta name=\"twitter:card\" content=\"summary_large_image\" \/>\n<meta name=\"twitter:label1\" content=\"Escrito por\" \/>\n\t<meta name=\"twitter:data1\" content=\"Santiago Caetano\" \/>\n\t<meta name=\"twitter:label2\" content=\"Est. tempo de leitura\" \/>\n\t<meta name=\"twitter:data2\" content=\"5 minutos\" \/>\n<script type=\"application\/ld+json\" class=\"yoast-schema-graph\">{\"@context\":\"https:\\\/\\\/schema.org\",\"@graph\":[{\"@type\":\"Article\",\"@id\":\"https:\\\/\\\/horizontemultipolar.com\\\/contacto-en-panama\\\/#article\",\"isPartOf\":{\"@id\":\"https:\\\/\\\/horizontemultipolar.com\\\/contacto-en-panama\\\/\"},\"author\":{\"name\":\"Santiago Caetano\",\"@id\":\"https:\\\/\\\/horizontemultipolar.com\\\/#\\\/schema\\\/person\\\/973f0bb7e3210cce5382e1aba243a6dc\"},\"headline\":\"Contacto en Panam\u00e1\",\"datePublished\":\"2026-02-02T11:25:03+00:00\",\"dateModified\":\"2026-02-02T11:25:06+00:00\",\"mainEntityOfPage\":{\"@id\":\"https:\\\/\\\/horizontemultipolar.com\\\/contacto-en-panama\\\/\"},\"wordCount\":1146,\"commentCount\":0,\"publisher\":{\"@id\":\"https:\\\/\\\/horizontemultipolar.com\\\/#organization\"},\"image\":{\"@id\":\"https:\\\/\\\/horizontemultipolar.com\\\/contacto-en-panama\\\/#primaryimage\"},\"thumbnailUrl\":\"https:\\\/\\\/horizontemultipolar.com\\\/wp-content\\\/uploads\\\/2026\\\/02\\\/images-2.jpg\",\"inLanguage\":\"pt-BR\",\"potentialAction\":[{\"@type\":\"CommentAction\",\"name\":\"Comment\",\"target\":[\"https:\\\/\\\/horizontemultipolar.com\\\/contacto-en-panama\\\/#respond\"]}]},{\"@type\":\"WebPage\",\"@id\":\"https:\\\/\\\/horizontemultipolar.com\\\/contacto-en-panama\\\/\",\"url\":\"https:\\\/\\\/horizontemultipolar.com\\\/contacto-en-panama\\\/\",\"name\":\"Contacto en Panam\u00e1 - Horizonte Multipolar\",\"isPartOf\":{\"@id\":\"https:\\\/\\\/horizontemultipolar.com\\\/#website\"},\"primaryImageOfPage\":{\"@id\":\"https:\\\/\\\/horizontemultipolar.com\\\/contacto-en-panama\\\/#primaryimage\"},\"image\":{\"@id\":\"https:\\\/\\\/horizontemultipolar.com\\\/contacto-en-panama\\\/#primaryimage\"},\"thumbnailUrl\":\"https:\\\/\\\/horizontemultipolar.com\\\/wp-content\\\/uploads\\\/2026\\\/02\\\/images-2.jpg\",\"datePublished\":\"2026-02-02T11:25:03+00:00\",\"dateModified\":\"2026-02-02T11:25:06+00:00\",\"description\":\"Cr\u00f3nica del Foro Econ\u00f3mico de Panam\u00e1: integraci\u00f3n regional, tensi\u00f3n con Washington, China en ascenso y el trasfondo geopol\u00edtico que incomoda a EE.UU.\",\"breadcrumb\":{\"@id\":\"https:\\\/\\\/horizontemultipolar.com\\\/contacto-en-panama\\\/#breadcrumb\"},\"inLanguage\":\"pt-BR\",\"potentialAction\":[{\"@type\":\"ReadAction\",\"target\":[\"https:\\\/\\\/horizontemultipolar.com\\\/contacto-en-panama\\\/\"]}]},{\"@type\":\"ImageObject\",\"inLanguage\":\"pt-BR\",\"@id\":\"https:\\\/\\\/horizontemultipolar.com\\\/contacto-en-panama\\\/#primaryimage\",\"url\":\"https:\\\/\\\/horizontemultipolar.com\\\/wp-content\\\/uploads\\\/2026\\\/02\\\/images-2.jpg\",\"contentUrl\":\"https:\\\/\\\/horizontemultipolar.com\\\/wp-content\\\/uploads\\\/2026\\\/02\\\/images-2.jpg\",\"width\":275,\"height\":183},{\"@type\":\"BreadcrumbList\",\"@id\":\"https:\\\/\\\/horizontemultipolar.com\\\/contacto-en-panama\\\/#breadcrumb\",\"itemListElement\":[{\"@type\":\"ListItem\",\"position\":1,\"name\":\"Portada\",\"item\":\"https:\\\/\\\/horizontemultipolar.com\\\/\"},{\"@type\":\"ListItem\",\"position\":2,\"name\":\"Contacto en Panam\u00e1\"}]},{\"@type\":\"WebSite\",\"@id\":\"https:\\\/\\\/horizontemultipolar.com\\\/#website\",\"url\":\"https:\\\/\\\/horizontemultipolar.com\\\/\",\"name\":\"Horizonte Multipolar\",\"description\":\"\",\"publisher\":{\"@id\":\"https:\\\/\\\/horizontemultipolar.com\\\/#organization\"},\"potentialAction\":[{\"@type\":\"SearchAction\",\"target\":{\"@type\":\"EntryPoint\",\"urlTemplate\":\"https:\\\/\\\/horizontemultipolar.com\\\/?s={search_term_string}\"},\"query-input\":{\"@type\":\"PropertyValueSpecification\",\"valueRequired\":true,\"valueName\":\"search_term_string\"}}],\"inLanguage\":\"pt-BR\"},{\"@type\":\"Organization\",\"@id\":\"https:\\\/\\\/horizontemultipolar.com\\\/#organization\",\"name\":\"Horizonte Multipolar\",\"url\":\"https:\\\/\\\/horizontemultipolar.com\\\/\",\"logo\":{\"@type\":\"ImageObject\",\"inLanguage\":\"pt-BR\",\"@id\":\"https:\\\/\\\/horizontemultipolar.com\\\/#\\\/schema\\\/logo\\\/image\\\/\",\"url\":\"https:\\\/\\\/horizontemultipolar.com\\\/wp-content\\\/uploads\\\/2024\\\/10\\\/cropped-horizontemultipolar-2.png\",\"contentUrl\":\"https:\\\/\\\/horizontemultipolar.com\\\/wp-content\\\/uploads\\\/2024\\\/10\\\/cropped-horizontemultipolar-2.png\",\"width\":856,\"height\":322,\"caption\":\"Horizonte Multipolar\"},\"image\":{\"@id\":\"https:\\\/\\\/horizontemultipolar.com\\\/#\\\/schema\\\/logo\\\/image\\\/\"}},{\"@type\":\"Person\",\"@id\":\"https:\\\/\\\/horizontemultipolar.com\\\/#\\\/schema\\\/person\\\/973f0bb7e3210cce5382e1aba243a6dc\",\"name\":\"Santiago Caetano\",\"image\":{\"@type\":\"ImageObject\",\"inLanguage\":\"pt-BR\",\"@id\":\"https:\\\/\\\/secure.gravatar.com\\\/avatar\\\/849f76a8cda674b37e2d1d847635dca1fc68ce0ef9457eb4cda9c270a099bea3?s=96&d=mm&r=g\",\"url\":\"https:\\\/\\\/secure.gravatar.com\\\/avatar\\\/849f76a8cda674b37e2d1d847635dca1fc68ce0ef9457eb4cda9c270a099bea3?s=96&d=mm&r=g\",\"contentUrl\":\"https:\\\/\\\/secure.gravatar.com\\\/avatar\\\/849f76a8cda674b37e2d1d847635dca1fc68ce0ef9457eb4cda9c270a099bea3?s=96&d=mm&r=g\",\"caption\":\"Santiago Caetano\"},\"url\":\"https:\\\/\\\/horizontemultipolar.com\\\/pt\\\/author\\\/santiago\\\/\"}]}<\/script>\n<!-- \/ Yoast SEO plugin. -->","yoast_head_json":{"title":"Contacto en Panam\u00e1 - Horizonte Multipolar","description":"Cr\u00f3nica del Foro Econ\u00f3mico de Panam\u00e1: integraci\u00f3n regional, tensi\u00f3n con Washington, China en ascenso y el trasfondo geopol\u00edtico que incomoda a EE.UU.","robots":{"index":"index","follow":"follow","max-snippet":"max-snippet:-1","max-image-preview":"max-image-preview:large","max-video-preview":"max-video-preview:-1"},"canonical":"https:\/\/horizontemultipolar.com\/pt\/contacto-en-panama\/","og_locale":"pt_BR","og_type":"article","og_title":"Contacto en Panam\u00e1 - Horizonte Multipolar","og_description":"Cr\u00f3nica del Foro Econ\u00f3mico de Panam\u00e1: integraci\u00f3n regional, tensi\u00f3n con Washington, China en ascenso y el trasfondo geopol\u00edtico que incomoda a EE.UU.","og_url":"https:\/\/horizontemultipolar.com\/pt\/contacto-en-panama\/","og_site_name":"Horizonte Multipolar","article_published_time":"2026-02-02T11:25:03+00:00","article_modified_time":"2026-02-02T11:25:06+00:00","og_image":[{"width":275,"height":183,"url":"https:\/\/horizontemultipolar.com\/wp-content\/uploads\/2026\/02\/images-2.jpg","type":"image\/jpeg"}],"author":"Santiago Caetano","twitter_card":"summary_large_image","twitter_misc":{"Escrito por":"Santiago Caetano","Est. tempo de leitura":"5 minutos"},"schema":{"@context":"https:\/\/schema.org","@graph":[{"@type":"Article","@id":"https:\/\/horizontemultipolar.com\/contacto-en-panama\/#article","isPartOf":{"@id":"https:\/\/horizontemultipolar.com\/contacto-en-panama\/"},"author":{"name":"Santiago Caetano","@id":"https:\/\/horizontemultipolar.com\/#\/schema\/person\/973f0bb7e3210cce5382e1aba243a6dc"},"headline":"Contacto en Panam\u00e1","datePublished":"2026-02-02T11:25:03+00:00","dateModified":"2026-02-02T11:25:06+00:00","mainEntityOfPage":{"@id":"https:\/\/horizontemultipolar.com\/contacto-en-panama\/"},"wordCount":1146,"commentCount":0,"publisher":{"@id":"https:\/\/horizontemultipolar.com\/#organization"},"image":{"@id":"https:\/\/horizontemultipolar.com\/contacto-en-panama\/#primaryimage"},"thumbnailUrl":"https:\/\/horizontemultipolar.com\/wp-content\/uploads\/2026\/02\/images-2.jpg","inLanguage":"pt-BR","potentialAction":[{"@type":"CommentAction","name":"Comment","target":["https:\/\/horizontemultipolar.com\/contacto-en-panama\/#respond"]}]},{"@type":"WebPage","@id":"https:\/\/horizontemultipolar.com\/contacto-en-panama\/","url":"https:\/\/horizontemultipolar.com\/contacto-en-panama\/","name":"Contacto en Panam\u00e1 - Horizonte Multipolar","isPartOf":{"@id":"https:\/\/horizontemultipolar.com\/#website"},"primaryImageOfPage":{"@id":"https:\/\/horizontemultipolar.com\/contacto-en-panama\/#primaryimage"},"image":{"@id":"https:\/\/horizontemultipolar.com\/contacto-en-panama\/#primaryimage"},"thumbnailUrl":"https:\/\/horizontemultipolar.com\/wp-content\/uploads\/2026\/02\/images-2.jpg","datePublished":"2026-02-02T11:25:03+00:00","dateModified":"2026-02-02T11:25:06+00:00","description":"Cr\u00f3nica del Foro Econ\u00f3mico de Panam\u00e1: integraci\u00f3n regional, tensi\u00f3n con Washington, China en ascenso y el trasfondo geopol\u00edtico que incomoda a EE.UU.","breadcrumb":{"@id":"https:\/\/horizontemultipolar.com\/contacto-en-panama\/#breadcrumb"},"inLanguage":"pt-BR","potentialAction":[{"@type":"ReadAction","target":["https:\/\/horizontemultipolar.com\/contacto-en-panama\/"]}]},{"@type":"ImageObject","inLanguage":"pt-BR","@id":"https:\/\/horizontemultipolar.com\/contacto-en-panama\/#primaryimage","url":"https:\/\/horizontemultipolar.com\/wp-content\/uploads\/2026\/02\/images-2.jpg","contentUrl":"https:\/\/horizontemultipolar.com\/wp-content\/uploads\/2026\/02\/images-2.jpg","width":275,"height":183},{"@type":"BreadcrumbList","@id":"https:\/\/horizontemultipolar.com\/contacto-en-panama\/#breadcrumb","itemListElement":[{"@type":"ListItem","position":1,"name":"Portada","item":"https:\/\/horizontemultipolar.com\/"},{"@type":"ListItem","position":2,"name":"Contacto en Panam\u00e1"}]},{"@type":"WebSite","@id":"https:\/\/horizontemultipolar.com\/#website","url":"https:\/\/horizontemultipolar.com\/","name":"Horizonte Multipolar","description":"","publisher":{"@id":"https:\/\/horizontemultipolar.com\/#organization"},"potentialAction":[{"@type":"SearchAction","target":{"@type":"EntryPoint","urlTemplate":"https:\/\/horizontemultipolar.com\/?s={search_term_string}"},"query-input":{"@type":"PropertyValueSpecification","valueRequired":true,"valueName":"search_term_string"}}],"inLanguage":"pt-BR"},{"@type":"Organization","@id":"https:\/\/horizontemultipolar.com\/#organization","name":"Horizonte Multipolar","url":"https:\/\/horizontemultipolar.com\/","logo":{"@type":"ImageObject","inLanguage":"pt-BR","@id":"https:\/\/horizontemultipolar.com\/#\/schema\/logo\/image\/","url":"https:\/\/horizontemultipolar.com\/wp-content\/uploads\/2024\/10\/cropped-horizontemultipolar-2.png","contentUrl":"https:\/\/horizontemultipolar.com\/wp-content\/uploads\/2024\/10\/cropped-horizontemultipolar-2.png","width":856,"height":322,"caption":"Horizonte Multipolar"},"image":{"@id":"https:\/\/horizontemultipolar.com\/#\/schema\/logo\/image\/"}},{"@type":"Person","@id":"https:\/\/horizontemultipolar.com\/#\/schema\/person\/973f0bb7e3210cce5382e1aba243a6dc","name":"Santiago Caetano","image":{"@type":"ImageObject","inLanguage":"pt-BR","@id":"https:\/\/secure.gravatar.com\/avatar\/849f76a8cda674b37e2d1d847635dca1fc68ce0ef9457eb4cda9c270a099bea3?s=96&d=mm&r=g","url":"https:\/\/secure.gravatar.com\/avatar\/849f76a8cda674b37e2d1d847635dca1fc68ce0ef9457eb4cda9c270a099bea3?s=96&d=mm&r=g","contentUrl":"https:\/\/secure.gravatar.com\/avatar\/849f76a8cda674b37e2d1d847635dca1fc68ce0ef9457eb4cda9c270a099bea3?s=96&d=mm&r=g","caption":"Santiago Caetano"},"url":"https:\/\/horizontemultipolar.com\/pt\/author\/santiago\/"}]}},"_links":{"self":[{"href":"https:\/\/horizontemultipolar.com\/pt\/wp-json\/wp\/v2\/posts\/3598","targetHints":{"allow":["GET"]}}],"collection":[{"href":"https:\/\/horizontemultipolar.com\/pt\/wp-json\/wp\/v2\/posts"}],"about":[{"href":"https:\/\/horizontemultipolar.com\/pt\/wp-json\/wp\/v2\/types\/post"}],"author":[{"embeddable":true,"href":"https:\/\/horizontemultipolar.com\/pt\/wp-json\/wp\/v2\/users\/3"}],"replies":[{"embeddable":true,"href":"https:\/\/horizontemultipolar.com\/pt\/wp-json\/wp\/v2\/comments?post=3598"}],"version-history":[{"count":1,"href":"https:\/\/horizontemultipolar.com\/pt\/wp-json\/wp\/v2\/posts\/3598\/revisions"}],"predecessor-version":[{"id":3600,"href":"https:\/\/horizontemultipolar.com\/pt\/wp-json\/wp\/v2\/posts\/3598\/revisions\/3600"}],"wp:featuredmedia":[{"embeddable":true,"href":"https:\/\/horizontemultipolar.com\/pt\/wp-json\/wp\/v2\/media\/3599"}],"wp:attachment":[{"href":"https:\/\/horizontemultipolar.com\/pt\/wp-json\/wp\/v2\/media?parent=3598"}],"wp:term":[{"taxonomy":"category","embeddable":true,"href":"https:\/\/horizontemultipolar.com\/pt\/wp-json\/wp\/v2\/categories?post=3598"},{"taxonomy":"post_tag","embeddable":true,"href":"https:\/\/horizontemultipolar.com\/pt\/wp-json\/wp\/v2\/tags?post=3598"}],"curies":[{"name":"wp","href":"https:\/\/api.w.org\/{rel}","templated":true}]}}