{"id":3797,"date":"2026-03-12T07:51:56","date_gmt":"2026-03-12T07:51:56","guid":{"rendered":"https:\/\/horizontemultipolar.com\/?p=3797"},"modified":"2026-03-12T07:51:57","modified_gmt":"2026-03-12T07:51:57","slug":"chile-gira-a-la-ultraderecha-y-se-reubica-en-el-tablero-hemisferico","status":"publish","type":"post","link":"https:\/\/horizontemultipolar.com\/pt\/chile-gira-a-la-ultraderecha-y-se-reubica-en-el-tablero-hemisferico\/","title":{"rendered":"Chile gira a la ultraderecha y se reubica en el tablero hemisf\u00e9rico"},"content":{"rendered":"<p>Con la <strong>llegada de Jos\u00e9 Antonio Kast a La Moneda<\/strong>, Chile no solo inaugura una nueva administraci\u00f3n, sino que exhibe un viraje pol\u00edtico de alcance continental. La escena de la asunci\u00f3n revela el avance de una derecha que <strong>pretende reposicionar al pa\u00eds dentro del esquema hemisf\u00e9rico que impulsa Donald Trump<\/strong>, retomando una l\u00f3gica monroeista basada en subordinaci\u00f3n regional, anticomunismo y alineamiento con Washington.<\/p>\n\n\n\n<p>En ese marco, la est\u00e9tica elegida para el traspaso de mando no resulta inocente. Kast luce en su banda presidencial el <strong>escudo nacional bordado<\/strong>, una imagen asociada al <strong>repertorio simb\u00f3lico de la dictadura de Augusto Pinochet<\/strong>. M\u00e1s que un gesto ceremonial, esa elecci\u00f3n opera como una declaraci\u00f3n de principios ante una base pol\u00edtica que reivindica el orden autoritario como respuesta al malestar social y a las demandas de transformaci\u00f3n abiertas en la \u00faltima d\u00e9cada.<\/p>\n\n\n\n<p>A la vez, los invitados internacionales terminan de delinear el sentido pol\u00edtico de la jornada. La presencia de Javier Milei y de Santiago Pe\u00f1a \u2014este \u00faltimo vinculado a la habilitaci\u00f3n de tropas norteamericanas en Paraguay\u2014 expone la consolidaci\u00f3n de un bloque conservador sudamericano cada vez m\u00e1s articulado con los intereses estrat\u00e9gicos de EEUU y decidido a clausurar cualquier horizonte de integraci\u00f3n aut\u00f3noma en la regi\u00f3n.<\/p>\n\n\n\n<p>Dentro de esa misma l\u00f3gica, la asistencia de<strong> Daniel Noboa, Jos\u00e9 Ra\u00fal Mulino, Rodrigo Paz, Nasry Asfura y Mar\u00eda Corina Machado<\/strong> confirma que la ceremonia excede ampliamente la pol\u00edtica dom\u00e9stica chilena. Lo que all\u00ed se pone en escena es una <strong>trama ideol\u00f3gica continental<\/strong>, donde distintas expresiones de la ultraderecha buscan afirmarse como dique frente a las experiencias progresistas y como veh\u00edculo para una reconfiguraci\u00f3n geopol\u00edtica favorable al poder estadounidense.<\/p>\n\n\n\n<p>Ya antes de la asunci\u00f3n, un episodio anticip\u00f3 con claridad el rumbo que adoptar\u00e1 el nuevo gobierno. La disputa con la administraci\u00f3n saliente de Gabriel Boric por las versiones contrapuestas sobre el proyecto chino de cable submarino entre Valpara\u00edso y Hong Kong mostr\u00f3 que la orientaci\u00f3n internacional de Chile ser\u00e1 uno de los terrenos decisivos de esta nueva etapa. All\u00ed se expresa una voluntad de revisar los v\u00ednculos con China y de acercar al pa\u00eds a un esquema de <strong>mayor dependencia respecto de Occidente.<\/strong><\/p>\n\n\n\n<p>Despu\u00e9s del estallido social de 2019, amplios sectores de la sociedad chilena hab\u00edan depositado en la centroizquierda la expectativa de abrir un ciclo de cambios profundos. Sin embargo, el gobierno de Boric no logr\u00f3 responder a esa demanda en la magnitud esperada. <strong>La incapacidad para desmontar pilares del modelo neoliberal<\/strong> y la frustraci\u00f3n ante reformas insuficientes dejaron un terreno f\u00e9rtil para que la derecha retornara con una propuesta m\u00e1s dura, m\u00e1s ideologizada y mucho m\u00e1s funcional a una restauraci\u00f3n conservadora.<\/p>\n\n\n\n<p>Por detr\u00e1s de este triunfo electoral tambi\u00e9n act\u00faa una red pol\u00edtica internacional que da sustento doctrinario y estrat\u00e9gico al nuevo oficialismo. Kast no aparece solo: su v\u00ednculo con la \u00abCoordinaci\u00f3n Internacional Anti-Radicales de Izquierda\u00bb, la <strong>\u00abCarta de Madrid\u00bb<\/strong> y el universo pol\u00edtico orbitado por VOX muestra que<strong> Chile podr\u00eda convertirse en una plataforma regional para la ofensiva ultraderechista<\/strong>. En ese dispositivo se inscriben adem\u00e1s figuras como Andr\u00e9s Barrientos y Vanessa Kaiser, encargadas de darle densidad intelectual a un proyecto que busca reordenar el pa\u00eds y, al mismo tiempo, aportar a una nueva correlaci\u00f3n de fuerzas en Am\u00e9rica Latina.<\/p>","protected":false},"excerpt":{"rendered":"<p>Con la llegada de Jos\u00e9 Antonio Kast a La Moneda, Chile no solo inaugura una nueva administraci\u00f3n, sino que exhibe un viraje pol\u00edtico de alcance continental. La escena de la asunci\u00f3n revela el avance de una derecha que pretende reposicionar al pa\u00eds dentro del esquema hemisf\u00e9rico que impulsa Donald Trump, retomando una l\u00f3gica monroeista basada [&hellip;]<\/p>\n","protected":false},"author":3,"featured_media":3798,"comment_status":"open","ping_status":"open","sticky":false,"template":"","format":"standard","meta":{"footnotes":""},"categories":[],"tags":[],"class_list":["post-3797","post","type-post","status-publish","format-standard","has-post-thumbnail","hentry"],"yoast_head":"<!-- This site is optimized with the Yoast SEO plugin v27.5 - https:\/\/yoast.com\/product\/yoast-seo-wordpress\/ -->\n<title>Chile gira a la ultraderecha y se reubica en el tablero hemisf\u00e9rico - Horizonte Multipolar<\/title>\n<meta name=\"description\" content=\"La asunci\u00f3n de Jos\u00e9 Antonio Kast confirma el giro de Chile hacia la ultraderecha y su alineaci\u00f3n con la estrategia monroeista de Trump en Am\u00e9rica Latina.\" \/>\n<meta name=\"robots\" content=\"index, follow, max-snippet:-1, max-image-preview:large, max-video-preview:-1\" \/>\n<link rel=\"canonical\" href=\"https:\/\/horizontemultipolar.com\/pt\/chile-gira-a-la-ultraderecha-y-se-reubica-en-el-tablero-hemisferico\/\" \/>\n<meta property=\"og:locale\" content=\"pt_BR\" \/>\n<meta property=\"og:type\" content=\"article\" \/>\n<meta property=\"og:title\" content=\"Chile gira a la ultraderecha y se reubica en el tablero hemisf\u00e9rico - Horizonte Multipolar\" \/>\n<meta property=\"og:description\" content=\"La asunci\u00f3n de Jos\u00e9 Antonio Kast confirma el giro de Chile hacia la ultraderecha y su alineaci\u00f3n con la estrategia monroeista de Trump en Am\u00e9rica Latina.\" \/>\n<meta property=\"og:url\" content=\"https:\/\/horizontemultipolar.com\/pt\/chile-gira-a-la-ultraderecha-y-se-reubica-en-el-tablero-hemisferico\/\" \/>\n<meta property=\"og:site_name\" content=\"Horizonte Multipolar\" \/>\n<meta property=\"article:published_time\" content=\"2026-03-12T07:51:56+00:00\" \/>\n<meta property=\"article:modified_time\" content=\"2026-03-12T07:51:57+00:00\" \/>\n<meta name=\"author\" content=\"Santiago Caetano\" \/>\n<meta name=\"twitter:card\" content=\"summary_large_image\" \/>\n<meta name=\"twitter:label1\" content=\"Escrito por\" \/>\n\t<meta name=\"twitter:data1\" content=\"Santiago Caetano\" \/>\n\t<meta name=\"twitter:label2\" content=\"Est. tempo de leitura\" \/>\n\t<meta name=\"twitter:data2\" content=\"3 minutos\" \/>\n<script type=\"application\/ld+json\" class=\"yoast-schema-graph\">{\"@context\":\"https:\\\/\\\/schema.org\",\"@graph\":[{\"@type\":\"Article\",\"@id\":\"https:\\\/\\\/horizontemultipolar.com\\\/chile-gira-a-la-ultraderecha-y-se-reubica-en-el-tablero-hemisferico\\\/#article\",\"isPartOf\":{\"@id\":\"https:\\\/\\\/horizontemultipolar.com\\\/chile-gira-a-la-ultraderecha-y-se-reubica-en-el-tablero-hemisferico\\\/\"},\"author\":{\"name\":\"Santiago Caetano\",\"@id\":\"https:\\\/\\\/horizontemultipolar.com\\\/#\\\/schema\\\/person\\\/973f0bb7e3210cce5382e1aba243a6dc\"},\"headline\":\"Chile gira a la ultraderecha y se reubica en el tablero hemisf\u00e9rico\",\"datePublished\":\"2026-03-12T07:51:56+00:00\",\"dateModified\":\"2026-03-12T07:51:57+00:00\",\"mainEntityOfPage\":{\"@id\":\"https:\\\/\\\/horizontemultipolar.com\\\/chile-gira-a-la-ultraderecha-y-se-reubica-en-el-tablero-hemisferico\\\/\"},\"wordCount\":606,\"commentCount\":0,\"publisher\":{\"@id\":\"https:\\\/\\\/horizontemultipolar.com\\\/#organization\"},\"image\":{\"@id\":\"https:\\\/\\\/horizontemultipolar.com\\\/chile-gira-a-la-ultraderecha-y-se-reubica-en-el-tablero-hemisferico\\\/#primaryimage\"},\"thumbnailUrl\":\"https:\\\/\\\/horizontemultipolar.com\\\/wp-content\\\/uploads\\\/2026\\\/03\\\/CO7TTFVOOZGRRMBIBFCZDSAPKQ-scaled.avif\",\"inLanguage\":\"pt-BR\",\"potentialAction\":[{\"@type\":\"CommentAction\",\"name\":\"Comment\",\"target\":[\"https:\\\/\\\/horizontemultipolar.com\\\/chile-gira-a-la-ultraderecha-y-se-reubica-en-el-tablero-hemisferico\\\/#respond\"]}]},{\"@type\":\"WebPage\",\"@id\":\"https:\\\/\\\/horizontemultipolar.com\\\/chile-gira-a-la-ultraderecha-y-se-reubica-en-el-tablero-hemisferico\\\/\",\"url\":\"https:\\\/\\\/horizontemultipolar.com\\\/chile-gira-a-la-ultraderecha-y-se-reubica-en-el-tablero-hemisferico\\\/\",\"name\":\"Chile gira a la ultraderecha y se reubica en el tablero hemisf\u00e9rico - Horizonte Multipolar\",\"isPartOf\":{\"@id\":\"https:\\\/\\\/horizontemultipolar.com\\\/#website\"},\"primaryImageOfPage\":{\"@id\":\"https:\\\/\\\/horizontemultipolar.com\\\/chile-gira-a-la-ultraderecha-y-se-reubica-en-el-tablero-hemisferico\\\/#primaryimage\"},\"image\":{\"@id\":\"https:\\\/\\\/horizontemultipolar.com\\\/chile-gira-a-la-ultraderecha-y-se-reubica-en-el-tablero-hemisferico\\\/#primaryimage\"},\"thumbnailUrl\":\"https:\\\/\\\/horizontemultipolar.com\\\/wp-content\\\/uploads\\\/2026\\\/03\\\/CO7TTFVOOZGRRMBIBFCZDSAPKQ-scaled.avif\",\"datePublished\":\"2026-03-12T07:51:56+00:00\",\"dateModified\":\"2026-03-12T07:51:57+00:00\",\"description\":\"La asunci\u00f3n de Jos\u00e9 Antonio Kast confirma el giro de Chile hacia la ultraderecha y su alineaci\u00f3n con la estrategia monroeista de Trump en Am\u00e9rica Latina.\",\"breadcrumb\":{\"@id\":\"https:\\\/\\\/horizontemultipolar.com\\\/chile-gira-a-la-ultraderecha-y-se-reubica-en-el-tablero-hemisferico\\\/#breadcrumb\"},\"inLanguage\":\"pt-BR\",\"potentialAction\":[{\"@type\":\"ReadAction\",\"target\":[\"https:\\\/\\\/horizontemultipolar.com\\\/chile-gira-a-la-ultraderecha-y-se-reubica-en-el-tablero-hemisferico\\\/\"]}]},{\"@type\":\"ImageObject\",\"inLanguage\":\"pt-BR\",\"@id\":\"https:\\\/\\\/horizontemultipolar.com\\\/chile-gira-a-la-ultraderecha-y-se-reubica-en-el-tablero-hemisferico\\\/#primaryimage\",\"url\":\"https:\\\/\\\/horizontemultipolar.com\\\/wp-content\\\/uploads\\\/2026\\\/03\\\/CO7TTFVOOZGRRMBIBFCZDSAPKQ-scaled.avif\",\"contentUrl\":\"https:\\\/\\\/horizontemultipolar.com\\\/wp-content\\\/uploads\\\/2026\\\/03\\\/CO7TTFVOOZGRRMBIBFCZDSAPKQ-scaled.avif\",\"width\":2560,\"height\":1707},{\"@type\":\"BreadcrumbList\",\"@id\":\"https:\\\/\\\/horizontemultipolar.com\\\/chile-gira-a-la-ultraderecha-y-se-reubica-en-el-tablero-hemisferico\\\/#breadcrumb\",\"itemListElement\":[{\"@type\":\"ListItem\",\"position\":1,\"name\":\"Portada\",\"item\":\"https:\\\/\\\/horizontemultipolar.com\\\/\"},{\"@type\":\"ListItem\",\"position\":2,\"name\":\"Chile gira a la ultraderecha y se reubica en el tablero hemisf\u00e9rico\"}]},{\"@type\":\"WebSite\",\"@id\":\"https:\\\/\\\/horizontemultipolar.com\\\/#website\",\"url\":\"https:\\\/\\\/horizontemultipolar.com\\\/\",\"name\":\"Horizonte Multipolar\",\"description\":\"\",\"publisher\":{\"@id\":\"https:\\\/\\\/horizontemultipolar.com\\\/#organization\"},\"potentialAction\":[{\"@type\":\"SearchAction\",\"target\":{\"@type\":\"EntryPoint\",\"urlTemplate\":\"https:\\\/\\\/horizontemultipolar.com\\\/?s={search_term_string}\"},\"query-input\":{\"@type\":\"PropertyValueSpecification\",\"valueRequired\":true,\"valueName\":\"search_term_string\"}}],\"inLanguage\":\"pt-BR\"},{\"@type\":\"Organization\",\"@id\":\"https:\\\/\\\/horizontemultipolar.com\\\/#organization\",\"name\":\"Horizonte Multipolar\",\"url\":\"https:\\\/\\\/horizontemultipolar.com\\\/\",\"logo\":{\"@type\":\"ImageObject\",\"inLanguage\":\"pt-BR\",\"@id\":\"https:\\\/\\\/horizontemultipolar.com\\\/#\\\/schema\\\/logo\\\/image\\\/\",\"url\":\"https:\\\/\\\/horizontemultipolar.com\\\/wp-content\\\/uploads\\\/2024\\\/10\\\/cropped-horizontemultipolar-2.png\",\"contentUrl\":\"https:\\\/\\\/horizontemultipolar.com\\\/wp-content\\\/uploads\\\/2024\\\/10\\\/cropped-horizontemultipolar-2.png\",\"width\":856,\"height\":322,\"caption\":\"Horizonte Multipolar\"},\"image\":{\"@id\":\"https:\\\/\\\/horizontemultipolar.com\\\/#\\\/schema\\\/logo\\\/image\\\/\"}},{\"@type\":\"Person\",\"@id\":\"https:\\\/\\\/horizontemultipolar.com\\\/#\\\/schema\\\/person\\\/973f0bb7e3210cce5382e1aba243a6dc\",\"name\":\"Santiago Caetano\",\"image\":{\"@type\":\"ImageObject\",\"inLanguage\":\"pt-BR\",\"@id\":\"https:\\\/\\\/secure.gravatar.com\\\/avatar\\\/849f76a8cda674b37e2d1d847635dca1fc68ce0ef9457eb4cda9c270a099bea3?s=96&d=mm&r=g\",\"url\":\"https:\\\/\\\/secure.gravatar.com\\\/avatar\\\/849f76a8cda674b37e2d1d847635dca1fc68ce0ef9457eb4cda9c270a099bea3?s=96&d=mm&r=g\",\"contentUrl\":\"https:\\\/\\\/secure.gravatar.com\\\/avatar\\\/849f76a8cda674b37e2d1d847635dca1fc68ce0ef9457eb4cda9c270a099bea3?s=96&d=mm&r=g\",\"caption\":\"Santiago Caetano\"},\"url\":\"https:\\\/\\\/horizontemultipolar.com\\\/pt\\\/author\\\/santiago\\\/\"}]}<\/script>\n<!-- \/ Yoast SEO plugin. -->","yoast_head_json":{"title":"Chile gira a la ultraderecha y se reubica en el tablero hemisf\u00e9rico - Horizonte Multipolar","description":"La asunci\u00f3n de Jos\u00e9 Antonio Kast confirma el giro de Chile hacia la ultraderecha y su alineaci\u00f3n con la estrategia monroeista de Trump en Am\u00e9rica Latina.","robots":{"index":"index","follow":"follow","max-snippet":"max-snippet:-1","max-image-preview":"max-image-preview:large","max-video-preview":"max-video-preview:-1"},"canonical":"https:\/\/horizontemultipolar.com\/pt\/chile-gira-a-la-ultraderecha-y-se-reubica-en-el-tablero-hemisferico\/","og_locale":"pt_BR","og_type":"article","og_title":"Chile gira a la ultraderecha y se reubica en el tablero hemisf\u00e9rico - Horizonte Multipolar","og_description":"La asunci\u00f3n de Jos\u00e9 Antonio Kast confirma el giro de Chile hacia la ultraderecha y su alineaci\u00f3n con la estrategia monroeista de Trump en Am\u00e9rica Latina.","og_url":"https:\/\/horizontemultipolar.com\/pt\/chile-gira-a-la-ultraderecha-y-se-reubica-en-el-tablero-hemisferico\/","og_site_name":"Horizonte Multipolar","article_published_time":"2026-03-12T07:51:56+00:00","article_modified_time":"2026-03-12T07:51:57+00:00","author":"Santiago Caetano","twitter_card":"summary_large_image","twitter_misc":{"Escrito por":"Santiago Caetano","Est. tempo de leitura":"3 minutos"},"schema":{"@context":"https:\/\/schema.org","@graph":[{"@type":"Article","@id":"https:\/\/horizontemultipolar.com\/chile-gira-a-la-ultraderecha-y-se-reubica-en-el-tablero-hemisferico\/#article","isPartOf":{"@id":"https:\/\/horizontemultipolar.com\/chile-gira-a-la-ultraderecha-y-se-reubica-en-el-tablero-hemisferico\/"},"author":{"name":"Santiago Caetano","@id":"https:\/\/horizontemultipolar.com\/#\/schema\/person\/973f0bb7e3210cce5382e1aba243a6dc"},"headline":"Chile gira a la ultraderecha y se reubica en el tablero hemisf\u00e9rico","datePublished":"2026-03-12T07:51:56+00:00","dateModified":"2026-03-12T07:51:57+00:00","mainEntityOfPage":{"@id":"https:\/\/horizontemultipolar.com\/chile-gira-a-la-ultraderecha-y-se-reubica-en-el-tablero-hemisferico\/"},"wordCount":606,"commentCount":0,"publisher":{"@id":"https:\/\/horizontemultipolar.com\/#organization"},"image":{"@id":"https:\/\/horizontemultipolar.com\/chile-gira-a-la-ultraderecha-y-se-reubica-en-el-tablero-hemisferico\/#primaryimage"},"thumbnailUrl":"https:\/\/horizontemultipolar.com\/wp-content\/uploads\/2026\/03\/CO7TTFVOOZGRRMBIBFCZDSAPKQ-scaled.avif","inLanguage":"pt-BR","potentialAction":[{"@type":"CommentAction","name":"Comment","target":["https:\/\/horizontemultipolar.com\/chile-gira-a-la-ultraderecha-y-se-reubica-en-el-tablero-hemisferico\/#respond"]}]},{"@type":"WebPage","@id":"https:\/\/horizontemultipolar.com\/chile-gira-a-la-ultraderecha-y-se-reubica-en-el-tablero-hemisferico\/","url":"https:\/\/horizontemultipolar.com\/chile-gira-a-la-ultraderecha-y-se-reubica-en-el-tablero-hemisferico\/","name":"Chile gira a la ultraderecha y se reubica en el tablero hemisf\u00e9rico - Horizonte Multipolar","isPartOf":{"@id":"https:\/\/horizontemultipolar.com\/#website"},"primaryImageOfPage":{"@id":"https:\/\/horizontemultipolar.com\/chile-gira-a-la-ultraderecha-y-se-reubica-en-el-tablero-hemisferico\/#primaryimage"},"image":{"@id":"https:\/\/horizontemultipolar.com\/chile-gira-a-la-ultraderecha-y-se-reubica-en-el-tablero-hemisferico\/#primaryimage"},"thumbnailUrl":"https:\/\/horizontemultipolar.com\/wp-content\/uploads\/2026\/03\/CO7TTFVOOZGRRMBIBFCZDSAPKQ-scaled.avif","datePublished":"2026-03-12T07:51:56+00:00","dateModified":"2026-03-12T07:51:57+00:00","description":"La asunci\u00f3n de Jos\u00e9 Antonio Kast confirma el giro de Chile hacia la ultraderecha y su alineaci\u00f3n con la estrategia monroeista de Trump en Am\u00e9rica Latina.","breadcrumb":{"@id":"https:\/\/horizontemultipolar.com\/chile-gira-a-la-ultraderecha-y-se-reubica-en-el-tablero-hemisferico\/#breadcrumb"},"inLanguage":"pt-BR","potentialAction":[{"@type":"ReadAction","target":["https:\/\/horizontemultipolar.com\/chile-gira-a-la-ultraderecha-y-se-reubica-en-el-tablero-hemisferico\/"]}]},{"@type":"ImageObject","inLanguage":"pt-BR","@id":"https:\/\/horizontemultipolar.com\/chile-gira-a-la-ultraderecha-y-se-reubica-en-el-tablero-hemisferico\/#primaryimage","url":"https:\/\/horizontemultipolar.com\/wp-content\/uploads\/2026\/03\/CO7TTFVOOZGRRMBIBFCZDSAPKQ-scaled.avif","contentUrl":"https:\/\/horizontemultipolar.com\/wp-content\/uploads\/2026\/03\/CO7TTFVOOZGRRMBIBFCZDSAPKQ-scaled.avif","width":2560,"height":1707},{"@type":"BreadcrumbList","@id":"https:\/\/horizontemultipolar.com\/chile-gira-a-la-ultraderecha-y-se-reubica-en-el-tablero-hemisferico\/#breadcrumb","itemListElement":[{"@type":"ListItem","position":1,"name":"Portada","item":"https:\/\/horizontemultipolar.com\/"},{"@type":"ListItem","position":2,"name":"Chile gira a la ultraderecha y se reubica en el tablero hemisf\u00e9rico"}]},{"@type":"WebSite","@id":"https:\/\/horizontemultipolar.com\/#website","url":"https:\/\/horizontemultipolar.com\/","name":"Horizonte Multipolar","description":"","publisher":{"@id":"https:\/\/horizontemultipolar.com\/#organization"},"potentialAction":[{"@type":"SearchAction","target":{"@type":"EntryPoint","urlTemplate":"https:\/\/horizontemultipolar.com\/?s={search_term_string}"},"query-input":{"@type":"PropertyValueSpecification","valueRequired":true,"valueName":"search_term_string"}}],"inLanguage":"pt-BR"},{"@type":"Organization","@id":"https:\/\/horizontemultipolar.com\/#organization","name":"Horizonte Multipolar","url":"https:\/\/horizontemultipolar.com\/","logo":{"@type":"ImageObject","inLanguage":"pt-BR","@id":"https:\/\/horizontemultipolar.com\/#\/schema\/logo\/image\/","url":"https:\/\/horizontemultipolar.com\/wp-content\/uploads\/2024\/10\/cropped-horizontemultipolar-2.png","contentUrl":"https:\/\/horizontemultipolar.com\/wp-content\/uploads\/2024\/10\/cropped-horizontemultipolar-2.png","width":856,"height":322,"caption":"Horizonte Multipolar"},"image":{"@id":"https:\/\/horizontemultipolar.com\/#\/schema\/logo\/image\/"}},{"@type":"Person","@id":"https:\/\/horizontemultipolar.com\/#\/schema\/person\/973f0bb7e3210cce5382e1aba243a6dc","name":"Santiago Caetano","image":{"@type":"ImageObject","inLanguage":"pt-BR","@id":"https:\/\/secure.gravatar.com\/avatar\/849f76a8cda674b37e2d1d847635dca1fc68ce0ef9457eb4cda9c270a099bea3?s=96&d=mm&r=g","url":"https:\/\/secure.gravatar.com\/avatar\/849f76a8cda674b37e2d1d847635dca1fc68ce0ef9457eb4cda9c270a099bea3?s=96&d=mm&r=g","contentUrl":"https:\/\/secure.gravatar.com\/avatar\/849f76a8cda674b37e2d1d847635dca1fc68ce0ef9457eb4cda9c270a099bea3?s=96&d=mm&r=g","caption":"Santiago Caetano"},"url":"https:\/\/horizontemultipolar.com\/pt\/author\/santiago\/"}]}},"_links":{"self":[{"href":"https:\/\/horizontemultipolar.com\/pt\/wp-json\/wp\/v2\/posts\/3797","targetHints":{"allow":["GET"]}}],"collection":[{"href":"https:\/\/horizontemultipolar.com\/pt\/wp-json\/wp\/v2\/posts"}],"about":[{"href":"https:\/\/horizontemultipolar.com\/pt\/wp-json\/wp\/v2\/types\/post"}],"author":[{"embeddable":true,"href":"https:\/\/horizontemultipolar.com\/pt\/wp-json\/wp\/v2\/users\/3"}],"replies":[{"embeddable":true,"href":"https:\/\/horizontemultipolar.com\/pt\/wp-json\/wp\/v2\/comments?post=3797"}],"version-history":[{"count":1,"href":"https:\/\/horizontemultipolar.com\/pt\/wp-json\/wp\/v2\/posts\/3797\/revisions"}],"predecessor-version":[{"id":3799,"href":"https:\/\/horizontemultipolar.com\/pt\/wp-json\/wp\/v2\/posts\/3797\/revisions\/3799"}],"wp:featuredmedia":[{"embeddable":true,"href":"https:\/\/horizontemultipolar.com\/pt\/wp-json\/wp\/v2\/media\/3798"}],"wp:attachment":[{"href":"https:\/\/horizontemultipolar.com\/pt\/wp-json\/wp\/v2\/media?parent=3797"}],"wp:term":[{"taxonomy":"category","embeddable":true,"href":"https:\/\/horizontemultipolar.com\/pt\/wp-json\/wp\/v2\/categories?post=3797"},{"taxonomy":"post_tag","embeddable":true,"href":"https:\/\/horizontemultipolar.com\/pt\/wp-json\/wp\/v2\/tags?post=3797"}],"curies":[{"name":"wp","href":"https:\/\/api.w.org\/{rel}","templated":true}]}}