{"id":4072,"date":"2026-04-28T11:33:39","date_gmt":"2026-04-28T11:33:39","guid":{"rendered":"https:\/\/horizontemultipolar.com\/?p=4072"},"modified":"2026-04-28T16:04:21","modified_gmt":"2026-04-28T16:04:21","slug":"comunicado-de-asac-international","status":"publish","type":"post","link":"https:\/\/horizontemultipolar.com\/pt\/comunicado-de-asac-international\/","title":{"rendered":"Comunicado de ASAC International"},"content":{"rendered":"<p><em>Por Diallo\u2009Ablaye Presidente\u2009Ejecutivo de\u2009African South American and Caribbean Cooperation (ASAC)\u2009International<\/em><br><em>Desde Madrid, Espa\u00f1a.<\/em><\/p>\n\n\n\n<p>ASAC\u2009International, organizaci\u00f3n dedicada a la cooperaci\u00f3n para el desarrollo Internacional de Justicia. econ\u00f3mico, la justicia social, la promoci\u00f3n de la paz y la defensa de los derechos humanos, expresa su mayor reconocimiento con motivo de la conclusi\u00f3n del mandato del Honorable\u2009Dr.\u2009Franco\u2009M.\u2009G.\u2009Derin, Vicepresidente de la Organizaci\u00f3n Internacional para el Desarrollo Econ\u00f3mico (OIDE) y Juez ante la Corte ASAC\u2009International manifiesta su profunda gratitud al Honorable\u2009Dr.\u2009Derin por su liderazgo ejemplar y su compromiso constante con los principios consagrados en la Carta de las Naciones Unidas y en el Derecho Internacional, que inspiran la defensa de la dignidad humana, la cooperaci\u00f3n entre los pueblos y el desarrollo sostenible y equitativo. <\/p>\n\n\n\n<p>La OIDE y ASAC\u2009International comparten la misma visi\u00f3n institucional y moral: construir un mundo basado en la justicia universal, la cooperaci\u00f3n transparente y el respeto absoluto por la soberan\u00eda de las naciones.<\/p>\n\n\n\n<p>ASAC\u2009International garantizar\u00e1 la continuidad de los compromisos asumidos con la OIDE y con sus nuevos dirigentes, en beneficio de las comunidades m\u00e1s vulnerables, especialmente en \u00c1frica, Am\u00e9rica del\u2009Sur y el Caribe. Expresamos tambi\u00e9n nuestro m\u00e1s sincero agradecimiento a todo el equipo de la OIDE, a sus asesores y a los socios institucionales que acompa\u00f1aron al Vicepresidente durante su gesti\u00f3n y que contin\u00faan apoyando con firmeza la misi\u00f3n humanitaria y de desarrollo de ASAC\u2009International. <\/p>\n\n\n\n<p>Fiel a sus principios de transparencia, integridad y respeto, ASAC\u2009International reafirma su compromiso permanente con la cooperaci\u00f3n internacional, en estricta concordancia con la soberan\u00eda y las tradiciones de cada naci\u00f3n. En este contexto, ASAC\u2009International, bajo mi liderazgo, reitera su firme determinaci\u00f3n de continuar la misi\u00f3n compartida con la OIDE: promover la paz, la justicia y el desarrollo humano sostenible, fiel a los valores universales que unen a los pueblos del mundo.<\/p>\n\n\n\n<figure class=\"wp-block-image size-large\"><img fetchpriority=\"high\" decoding=\"async\" width=\"768\" height=\"1024\" src=\"https:\/\/horizontemultipolar.com\/wp-content\/uploads\/2026\/04\/WhatsApp-Image-2026-04-27-at-1.16.31-PM-1-768x1024.jpeg\" alt=\"\" class=\"wp-image-4077\" srcset=\"https:\/\/horizontemultipolar.com\/wp-content\/uploads\/2026\/04\/WhatsApp-Image-2026-04-27-at-1.16.31-PM-1-768x1024.jpeg 768w, https:\/\/horizontemultipolar.com\/wp-content\/uploads\/2026\/04\/WhatsApp-Image-2026-04-27-at-1.16.31-PM-1-225x300.jpeg 225w, https:\/\/horizontemultipolar.com\/wp-content\/uploads\/2026\/04\/WhatsApp-Image-2026-04-27-at-1.16.31-PM-1-1152x1536.jpeg 1152w, https:\/\/horizontemultipolar.com\/wp-content\/uploads\/2026\/04\/WhatsApp-Image-2026-04-27-at-1.16.31-PM-1-9x12.jpeg 9w, https:\/\/horizontemultipolar.com\/wp-content\/uploads\/2026\/04\/WhatsApp-Image-2026-04-27-at-1.16.31-PM-1.jpeg 1500w\" sizes=\"(max-width: 768px) 100vw, 768px\" \/><\/figure>","protected":false},"excerpt":{"rendered":"<p>Por Diallo\u2009Ablaye Presidente\u2009Ejecutivo de\u2009African South American and Caribbean Cooperation (ASAC)\u2009InternationalDesde Madrid, Espa\u00f1a. ASAC\u2009International, organizaci\u00f3n dedicada a la cooperaci\u00f3n para el desarrollo Internacional de Justicia. econ\u00f3mico, la justicia social, la promoci\u00f3n de la paz y la defensa de los derechos humanos, expresa su mayor reconocimiento con motivo de la conclusi\u00f3n del mandato del Honorable\u2009Dr.\u2009Franco\u2009M.\u2009G.\u2009Derin, Vicepresidente de [&hellip;]<\/p>\n","protected":false},"author":3,"featured_media":4085,"comment_status":"open","ping_status":"open","sticky":false,"template":"","format":"standard","meta":{"footnotes":""},"categories":[],"tags":[],"class_list":["post-4072","post","type-post","status-publish","format-standard","has-post-thumbnail","hentry"],"yoast_head":"<!-- This site is optimized with the Yoast SEO plugin v27.5 - https:\/\/yoast.com\/product\/yoast-seo-wordpress\/ -->\n<title>Comunicado de ASAC International - Horizonte Multipolar<\/title>\n<meta name=\"description\" content=\"ASAC International reconoce la gesti\u00f3n del Dr. Franco M. G. Derin en la OIDE y reafirma su compromiso con la paz, la justicia y el desarrollo sostenible.\" \/>\n<meta name=\"robots\" content=\"index, follow, max-snippet:-1, max-image-preview:large, max-video-preview:-1\" \/>\n<link rel=\"canonical\" href=\"https:\/\/horizontemultipolar.com\/pt\/comunicado-de-asac-international\/\" \/>\n<meta property=\"og:locale\" content=\"pt_BR\" \/>\n<meta property=\"og:type\" content=\"article\" \/>\n<meta property=\"og:title\" content=\"Comunicado de ASAC International - Horizonte Multipolar\" \/>\n<meta property=\"og:description\" content=\"ASAC International reconoce la gesti\u00f3n del Dr. Franco M. G. Derin en la OIDE y reafirma su compromiso con la paz, la justicia y el desarrollo sostenible.\" \/>\n<meta property=\"og:url\" content=\"https:\/\/horizontemultipolar.com\/pt\/comunicado-de-asac-international\/\" \/>\n<meta property=\"og:site_name\" content=\"Horizonte Multipolar\" \/>\n<meta property=\"article:published_time\" content=\"2026-04-28T11:33:39+00:00\" \/>\n<meta property=\"article:modified_time\" content=\"2026-04-28T16:04:21+00:00\" \/>\n<meta property=\"og:image\" content=\"https:\/\/horizontemultipolar.com\/wp-content\/uploads\/2026\/04\/WhatsApp-Image-2026-04-28-at-1.02.58-PM.jpeg\" \/>\n\t<meta property=\"og:image:width\" content=\"1080\" \/>\n\t<meta property=\"og:image:height\" content=\"1039\" \/>\n\t<meta property=\"og:image:type\" content=\"image\/jpeg\" \/>\n<meta name=\"author\" content=\"Santiago Caetano\" \/>\n<meta name=\"twitter:card\" content=\"summary_large_image\" \/>\n<meta name=\"twitter:label1\" content=\"Escrito por\" \/>\n\t<meta name=\"twitter:data1\" content=\"Santiago Caetano\" \/>\n\t<meta name=\"twitter:label2\" content=\"Est. tempo de leitura\" \/>\n\t<meta name=\"twitter:data2\" content=\"2 minutos\" \/>\n<script type=\"application\/ld+json\" class=\"yoast-schema-graph\">{\"@context\":\"https:\\\/\\\/schema.org\",\"@graph\":[{\"@type\":\"Article\",\"@id\":\"https:\\\/\\\/horizontemultipolar.com\\\/comunicado-de-asac-international\\\/#article\",\"isPartOf\":{\"@id\":\"https:\\\/\\\/horizontemultipolar.com\\\/comunicado-de-asac-international\\\/\"},\"author\":{\"name\":\"Santiago Caetano\",\"@id\":\"https:\\\/\\\/horizontemultipolar.com\\\/#\\\/schema\\\/person\\\/973f0bb7e3210cce5382e1aba243a6dc\"},\"headline\":\"Comunicado de ASAC International\",\"datePublished\":\"2026-04-28T11:33:39+00:00\",\"dateModified\":\"2026-04-28T16:04:21+00:00\",\"mainEntityOfPage\":{\"@id\":\"https:\\\/\\\/horizontemultipolar.com\\\/comunicado-de-asac-international\\\/\"},\"wordCount\":343,\"commentCount\":0,\"publisher\":{\"@id\":\"https:\\\/\\\/horizontemultipolar.com\\\/#organization\"},\"image\":{\"@id\":\"https:\\\/\\\/horizontemultipolar.com\\\/comunicado-de-asac-international\\\/#primaryimage\"},\"thumbnailUrl\":\"https:\\\/\\\/horizontemultipolar.com\\\/wp-content\\\/uploads\\\/2026\\\/04\\\/WhatsApp-Image-2026-04-28-at-1.02.58-PM.jpeg\",\"inLanguage\":\"pt-BR\",\"potentialAction\":[{\"@type\":\"CommentAction\",\"name\":\"Comment\",\"target\":[\"https:\\\/\\\/horizontemultipolar.com\\\/comunicado-de-asac-international\\\/#respond\"]}]},{\"@type\":\"WebPage\",\"@id\":\"https:\\\/\\\/horizontemultipolar.com\\\/comunicado-de-asac-international\\\/\",\"url\":\"https:\\\/\\\/horizontemultipolar.com\\\/comunicado-de-asac-international\\\/\",\"name\":\"Comunicado de ASAC International - Horizonte Multipolar\",\"isPartOf\":{\"@id\":\"https:\\\/\\\/horizontemultipolar.com\\\/#website\"},\"primaryImageOfPage\":{\"@id\":\"https:\\\/\\\/horizontemultipolar.com\\\/comunicado-de-asac-international\\\/#primaryimage\"},\"image\":{\"@id\":\"https:\\\/\\\/horizontemultipolar.com\\\/comunicado-de-asac-international\\\/#primaryimage\"},\"thumbnailUrl\":\"https:\\\/\\\/horizontemultipolar.com\\\/wp-content\\\/uploads\\\/2026\\\/04\\\/WhatsApp-Image-2026-04-28-at-1.02.58-PM.jpeg\",\"datePublished\":\"2026-04-28T11:33:39+00:00\",\"dateModified\":\"2026-04-28T16:04:21+00:00\",\"description\":\"ASAC International reconoce la gesti\u00f3n del Dr. Franco M. G. Derin en la OIDE y reafirma su compromiso con la paz, la justicia y el desarrollo sostenible.\",\"breadcrumb\":{\"@id\":\"https:\\\/\\\/horizontemultipolar.com\\\/comunicado-de-asac-international\\\/#breadcrumb\"},\"inLanguage\":\"pt-BR\",\"potentialAction\":[{\"@type\":\"ReadAction\",\"target\":[\"https:\\\/\\\/horizontemultipolar.com\\\/comunicado-de-asac-international\\\/\"]}]},{\"@type\":\"ImageObject\",\"inLanguage\":\"pt-BR\",\"@id\":\"https:\\\/\\\/horizontemultipolar.com\\\/comunicado-de-asac-international\\\/#primaryimage\",\"url\":\"https:\\\/\\\/horizontemultipolar.com\\\/wp-content\\\/uploads\\\/2026\\\/04\\\/WhatsApp-Image-2026-04-28-at-1.02.58-PM.jpeg\",\"contentUrl\":\"https:\\\/\\\/horizontemultipolar.com\\\/wp-content\\\/uploads\\\/2026\\\/04\\\/WhatsApp-Image-2026-04-28-at-1.02.58-PM.jpeg\",\"width\":1080,\"height\":1039},{\"@type\":\"BreadcrumbList\",\"@id\":\"https:\\\/\\\/horizontemultipolar.com\\\/comunicado-de-asac-international\\\/#breadcrumb\",\"itemListElement\":[{\"@type\":\"ListItem\",\"position\":1,\"name\":\"Portada\",\"item\":\"https:\\\/\\\/horizontemultipolar.com\\\/\"},{\"@type\":\"ListItem\",\"position\":2,\"name\":\"Comunicado de ASAC International\"}]},{\"@type\":\"WebSite\",\"@id\":\"https:\\\/\\\/horizontemultipolar.com\\\/#website\",\"url\":\"https:\\\/\\\/horizontemultipolar.com\\\/\",\"name\":\"Horizonte Multipolar\",\"description\":\"\",\"publisher\":{\"@id\":\"https:\\\/\\\/horizontemultipolar.com\\\/#organization\"},\"potentialAction\":[{\"@type\":\"SearchAction\",\"target\":{\"@type\":\"EntryPoint\",\"urlTemplate\":\"https:\\\/\\\/horizontemultipolar.com\\\/?s={search_term_string}\"},\"query-input\":{\"@type\":\"PropertyValueSpecification\",\"valueRequired\":true,\"valueName\":\"search_term_string\"}}],\"inLanguage\":\"pt-BR\"},{\"@type\":\"Organization\",\"@id\":\"https:\\\/\\\/horizontemultipolar.com\\\/#organization\",\"name\":\"Horizonte Multipolar\",\"url\":\"https:\\\/\\\/horizontemultipolar.com\\\/\",\"logo\":{\"@type\":\"ImageObject\",\"inLanguage\":\"pt-BR\",\"@id\":\"https:\\\/\\\/horizontemultipolar.com\\\/#\\\/schema\\\/logo\\\/image\\\/\",\"url\":\"https:\\\/\\\/horizontemultipolar.com\\\/wp-content\\\/uploads\\\/2024\\\/10\\\/cropped-horizontemultipolar-2.png\",\"contentUrl\":\"https:\\\/\\\/horizontemultipolar.com\\\/wp-content\\\/uploads\\\/2024\\\/10\\\/cropped-horizontemultipolar-2.png\",\"width\":856,\"height\":322,\"caption\":\"Horizonte Multipolar\"},\"image\":{\"@id\":\"https:\\\/\\\/horizontemultipolar.com\\\/#\\\/schema\\\/logo\\\/image\\\/\"}},{\"@type\":\"Person\",\"@id\":\"https:\\\/\\\/horizontemultipolar.com\\\/#\\\/schema\\\/person\\\/973f0bb7e3210cce5382e1aba243a6dc\",\"name\":\"Santiago Caetano\",\"image\":{\"@type\":\"ImageObject\",\"inLanguage\":\"pt-BR\",\"@id\":\"https:\\\/\\\/secure.gravatar.com\\\/avatar\\\/849f76a8cda674b37e2d1d847635dca1fc68ce0ef9457eb4cda9c270a099bea3?s=96&d=mm&r=g\",\"url\":\"https:\\\/\\\/secure.gravatar.com\\\/avatar\\\/849f76a8cda674b37e2d1d847635dca1fc68ce0ef9457eb4cda9c270a099bea3?s=96&d=mm&r=g\",\"contentUrl\":\"https:\\\/\\\/secure.gravatar.com\\\/avatar\\\/849f76a8cda674b37e2d1d847635dca1fc68ce0ef9457eb4cda9c270a099bea3?s=96&d=mm&r=g\",\"caption\":\"Santiago Caetano\"},\"url\":\"https:\\\/\\\/horizontemultipolar.com\\\/pt\\\/author\\\/santiago\\\/\"}]}<\/script>\n<!-- \/ Yoast SEO plugin. -->","yoast_head_json":{"title":"Comunicado de ASAC International - Horizonte Multipolar","description":"ASAC International reconoce la gesti\u00f3n del Dr. Franco M. G. Derin en la OIDE y reafirma su compromiso con la paz, la justicia y el desarrollo sostenible.","robots":{"index":"index","follow":"follow","max-snippet":"max-snippet:-1","max-image-preview":"max-image-preview:large","max-video-preview":"max-video-preview:-1"},"canonical":"https:\/\/horizontemultipolar.com\/pt\/comunicado-de-asac-international\/","og_locale":"pt_BR","og_type":"article","og_title":"Comunicado de ASAC International - Horizonte Multipolar","og_description":"ASAC International reconoce la gesti\u00f3n del Dr. Franco M. G. Derin en la OIDE y reafirma su compromiso con la paz, la justicia y el desarrollo sostenible.","og_url":"https:\/\/horizontemultipolar.com\/pt\/comunicado-de-asac-international\/","og_site_name":"Horizonte Multipolar","article_published_time":"2026-04-28T11:33:39+00:00","article_modified_time":"2026-04-28T16:04:21+00:00","og_image":[{"width":1080,"height":1039,"url":"https:\/\/horizontemultipolar.com\/wp-content\/uploads\/2026\/04\/WhatsApp-Image-2026-04-28-at-1.02.58-PM.jpeg","type":"image\/jpeg"}],"author":"Santiago Caetano","twitter_card":"summary_large_image","twitter_misc":{"Escrito por":"Santiago Caetano","Est. tempo de leitura":"2 minutos"},"schema":{"@context":"https:\/\/schema.org","@graph":[{"@type":"Article","@id":"https:\/\/horizontemultipolar.com\/comunicado-de-asac-international\/#article","isPartOf":{"@id":"https:\/\/horizontemultipolar.com\/comunicado-de-asac-international\/"},"author":{"name":"Santiago Caetano","@id":"https:\/\/horizontemultipolar.com\/#\/schema\/person\/973f0bb7e3210cce5382e1aba243a6dc"},"headline":"Comunicado de ASAC International","datePublished":"2026-04-28T11:33:39+00:00","dateModified":"2026-04-28T16:04:21+00:00","mainEntityOfPage":{"@id":"https:\/\/horizontemultipolar.com\/comunicado-de-asac-international\/"},"wordCount":343,"commentCount":0,"publisher":{"@id":"https:\/\/horizontemultipolar.com\/#organization"},"image":{"@id":"https:\/\/horizontemultipolar.com\/comunicado-de-asac-international\/#primaryimage"},"thumbnailUrl":"https:\/\/horizontemultipolar.com\/wp-content\/uploads\/2026\/04\/WhatsApp-Image-2026-04-28-at-1.02.58-PM.jpeg","inLanguage":"pt-BR","potentialAction":[{"@type":"CommentAction","name":"Comment","target":["https:\/\/horizontemultipolar.com\/comunicado-de-asac-international\/#respond"]}]},{"@type":"WebPage","@id":"https:\/\/horizontemultipolar.com\/comunicado-de-asac-international\/","url":"https:\/\/horizontemultipolar.com\/comunicado-de-asac-international\/","name":"Comunicado de ASAC International - Horizonte Multipolar","isPartOf":{"@id":"https:\/\/horizontemultipolar.com\/#website"},"primaryImageOfPage":{"@id":"https:\/\/horizontemultipolar.com\/comunicado-de-asac-international\/#primaryimage"},"image":{"@id":"https:\/\/horizontemultipolar.com\/comunicado-de-asac-international\/#primaryimage"},"thumbnailUrl":"https:\/\/horizontemultipolar.com\/wp-content\/uploads\/2026\/04\/WhatsApp-Image-2026-04-28-at-1.02.58-PM.jpeg","datePublished":"2026-04-28T11:33:39+00:00","dateModified":"2026-04-28T16:04:21+00:00","description":"ASAC International reconoce la gesti\u00f3n del Dr. Franco M. G. Derin en la OIDE y reafirma su compromiso con la paz, la justicia y el desarrollo sostenible.","breadcrumb":{"@id":"https:\/\/horizontemultipolar.com\/comunicado-de-asac-international\/#breadcrumb"},"inLanguage":"pt-BR","potentialAction":[{"@type":"ReadAction","target":["https:\/\/horizontemultipolar.com\/comunicado-de-asac-international\/"]}]},{"@type":"ImageObject","inLanguage":"pt-BR","@id":"https:\/\/horizontemultipolar.com\/comunicado-de-asac-international\/#primaryimage","url":"https:\/\/horizontemultipolar.com\/wp-content\/uploads\/2026\/04\/WhatsApp-Image-2026-04-28-at-1.02.58-PM.jpeg","contentUrl":"https:\/\/horizontemultipolar.com\/wp-content\/uploads\/2026\/04\/WhatsApp-Image-2026-04-28-at-1.02.58-PM.jpeg","width":1080,"height":1039},{"@type":"BreadcrumbList","@id":"https:\/\/horizontemultipolar.com\/comunicado-de-asac-international\/#breadcrumb","itemListElement":[{"@type":"ListItem","position":1,"name":"Portada","item":"https:\/\/horizontemultipolar.com\/"},{"@type":"ListItem","position":2,"name":"Comunicado de ASAC International"}]},{"@type":"WebSite","@id":"https:\/\/horizontemultipolar.com\/#website","url":"https:\/\/horizontemultipolar.com\/","name":"Horizonte Multipolar","description":"","publisher":{"@id":"https:\/\/horizontemultipolar.com\/#organization"},"potentialAction":[{"@type":"SearchAction","target":{"@type":"EntryPoint","urlTemplate":"https:\/\/horizontemultipolar.com\/?s={search_term_string}"},"query-input":{"@type":"PropertyValueSpecification","valueRequired":true,"valueName":"search_term_string"}}],"inLanguage":"pt-BR"},{"@type":"Organization","@id":"https:\/\/horizontemultipolar.com\/#organization","name":"Horizonte Multipolar","url":"https:\/\/horizontemultipolar.com\/","logo":{"@type":"ImageObject","inLanguage":"pt-BR","@id":"https:\/\/horizontemultipolar.com\/#\/schema\/logo\/image\/","url":"https:\/\/horizontemultipolar.com\/wp-content\/uploads\/2024\/10\/cropped-horizontemultipolar-2.png","contentUrl":"https:\/\/horizontemultipolar.com\/wp-content\/uploads\/2024\/10\/cropped-horizontemultipolar-2.png","width":856,"height":322,"caption":"Horizonte Multipolar"},"image":{"@id":"https:\/\/horizontemultipolar.com\/#\/schema\/logo\/image\/"}},{"@type":"Person","@id":"https:\/\/horizontemultipolar.com\/#\/schema\/person\/973f0bb7e3210cce5382e1aba243a6dc","name":"Santiago Caetano","image":{"@type":"ImageObject","inLanguage":"pt-BR","@id":"https:\/\/secure.gravatar.com\/avatar\/849f76a8cda674b37e2d1d847635dca1fc68ce0ef9457eb4cda9c270a099bea3?s=96&d=mm&r=g","url":"https:\/\/secure.gravatar.com\/avatar\/849f76a8cda674b37e2d1d847635dca1fc68ce0ef9457eb4cda9c270a099bea3?s=96&d=mm&r=g","contentUrl":"https:\/\/secure.gravatar.com\/avatar\/849f76a8cda674b37e2d1d847635dca1fc68ce0ef9457eb4cda9c270a099bea3?s=96&d=mm&r=g","caption":"Santiago Caetano"},"url":"https:\/\/horizontemultipolar.com\/pt\/author\/santiago\/"}]}},"_links":{"self":[{"href":"https:\/\/horizontemultipolar.com\/pt\/wp-json\/wp\/v2\/posts\/4072","targetHints":{"allow":["GET"]}}],"collection":[{"href":"https:\/\/horizontemultipolar.com\/pt\/wp-json\/wp\/v2\/posts"}],"about":[{"href":"https:\/\/horizontemultipolar.com\/pt\/wp-json\/wp\/v2\/types\/post"}],"author":[{"embeddable":true,"href":"https:\/\/horizontemultipolar.com\/pt\/wp-json\/wp\/v2\/users\/3"}],"replies":[{"embeddable":true,"href":"https:\/\/horizontemultipolar.com\/pt\/wp-json\/wp\/v2\/comments?post=4072"}],"version-history":[{"count":2,"href":"https:\/\/horizontemultipolar.com\/pt\/wp-json\/wp\/v2\/posts\/4072\/revisions"}],"predecessor-version":[{"id":4078,"href":"https:\/\/horizontemultipolar.com\/pt\/wp-json\/wp\/v2\/posts\/4072\/revisions\/4078"}],"wp:featuredmedia":[{"embeddable":true,"href":"https:\/\/horizontemultipolar.com\/pt\/wp-json\/wp\/v2\/media\/4085"}],"wp:attachment":[{"href":"https:\/\/horizontemultipolar.com\/pt\/wp-json\/wp\/v2\/media?parent=4072"}],"wp:term":[{"taxonomy":"category","embeddable":true,"href":"https:\/\/horizontemultipolar.com\/pt\/wp-json\/wp\/v2\/categories?post=4072"},{"taxonomy":"post_tag","embeddable":true,"href":"https:\/\/horizontemultipolar.com\/pt\/wp-json\/wp\/v2\/tags?post=4072"}],"curies":[{"name":"wp","href":"https:\/\/api.w.org\/{rel}","templated":true}]}}