{"id":4079,"date":"2026-04-28T12:06:30","date_gmt":"2026-04-28T12:06:30","guid":{"rendered":"https:\/\/horizontemultipolar.com\/?p=4079"},"modified":"2026-04-28T12:06:31","modified_gmt":"2026-04-28T12:06:31","slug":"ecuador-denuncia-un-retroceso-democratico-tras-la-cancelacion-de-unidad-popular-y-construye","status":"publish","type":"post","link":"https:\/\/horizontemultipolar.com\/pt\/ecuador-denuncia-un-retroceso-democratico-tras-la-cancelacion-de-unidad-popular-y-construye\/","title":{"rendered":"Ecuador: denuncia un retroceso democr\u00e1tico tras la cancelaci\u00f3n de Unidad Popular y Construye"},"content":{"rendered":"<p>La organizaci\u00f3n Yasunidos cuestion\u00f3 este lunes la cancelaci\u00f3n de los partidos Unidad Popular y Construye por parte del Consejo Nacional Electoral de Ecuador y calific\u00f3 la medida como <strong>\u00abirregular\u00bb<\/strong>. Seg\u00fan el colectivo, la decisi\u00f3n representa un retroceso democr\u00e1tico y una se\u00f1al preocupante de restricci\u00f3n del pluralismo pol\u00edtico en el pa\u00eds.<\/p>\n\n\n\n<p>Desde la organizaci\u00f3n advirtieron que el caso no puede leerse de manera aislada, sino como parte de un <strong>uso creciente de las instituciones para sancionar, disciplinar o limitar a actores cr\u00edticos<\/strong>. En ese marco, recordaron tambi\u00e9n sanciones previas contra colectivos sociales, incluida una multa impuesta a la propia Yasunidos, como parte de un patr\u00f3n m\u00e1s amplio de presi\u00f3n institucional.<\/p>\n\n\n\n<p>En un pronunciamiento difundido el 26 de abril, Yasunidos expres\u00f3 su preocupaci\u00f3n por el rol del organismo electoral, al que acusa de actuar de forma alineada con el Gobierno de Daniel Noboa. La organizaci\u00f3n se\u00f1al\u00f3 que la medida, aprobada por la mayor\u00eda del CNE bajo la presidencia de Diana Atamaint, profundiza las<strong> dudas sobre la imparcialidad de la autoridad electoral<\/strong>.<\/p>\n\n\n\n<p>La eliminaci\u00f3n de Unidad Popular y Construye fue justificada por el CNE bajo el argumento de un <strong>presunto incumplimiento de la normativa electoral<\/strong>, vinculado a una dr\u00e1stica reducci\u00f3n de su militancia. Sin embargo, dirigentes de ambas fuerzas han rechazado esa explicaci\u00f3n y denunciaron irregularidades en el procedimiento.<\/p>\n\n\n\n<p>En el caso de Unidad Popular, su dirigente Geovanni Atarihuana sostuvo que la decisi\u00f3n fue adoptada \u00absin argumentos, fuera de tiempo, violando todos los procedimientos, la ley y la constituci\u00f3n\u00bb. Adem\u00e1s, afirm\u00f3 que la cancelaci\u00f3n responde a una <strong>orientaci\u00f3n pol\u00edtica emanada del Gobierno de Noboa<\/strong>.<\/p>\n\n\n\n<p>Tambi\u00e9n desde Construye, su presidente Ra\u00fal Iv\u00e1n Gonz\u00e1lez cuestion\u00f3 la veracidad de las cifras de desafiliaci\u00f3n presentadas por el CNE. Tanto Gonz\u00e1lez como Atarihuana criticaron, adem\u00e1s, la <strong>falta de notificaci\u00f3n<\/strong> adecuada sobre esos datos, lo que, seg\u00fan denuncian, habr\u00eda afectado el derecho a la defensa de las organizaciones pol\u00edticas involucradas.<\/p>\n\n\n\n<p>La votaci\u00f3n dentro del Consejo Nacional Electoral tambi\u00e9n qued\u00f3 envuelta en<strong> pol\u00e9mica<\/strong>. En el caso de Unidad Popular, la ausencia del vicepresidente Enrique Pita y de la consejera Esthela Acero deriv\u00f3 en un empate inicial, finalmente resuelto mediante el voto dirimente de la presidenta Diana Atamaint. Ese mecanismo acrecent\u00f3 las cr\u00edticas sobre la neutralidad del organismo electoral.<\/p>\n\n\n\n<p>Frente a este escenario, Unidad Popular y Construye anunciaron que recurrir\u00e1n ante el Tribunal Contencioso Electoral, la Corte Constitucional y la Comisi\u00f3n Interamericana de Derechos Humanos. Ambas organizaciones sostienen que l<strong>a decisi\u00f3n vulnera derechos pol\u00edticos fundamentales<\/strong> y afecta las garant\u00edas democr\u00e1ticas en Ecuador.<\/p>\n\n\n\n<p>La controversia se produce en un<strong> contexto de creciente tensi\u00f3n pol\u00edtica<\/strong>, marcado tambi\u00e9n por la suspensi\u00f3n durante nueve meses de Revoluci\u00f3n Ciudadana, el principal partido de oposici\u00f3n, y por causas judiciales contra otros dirigentes opositores, entre ellos el alcalde de Guayaquil, Aquiles \u00c1lvarez.<\/p>\n\n\n\n<p>En ese marco, la excandidata presidencial y anterior lideresa de Revoluci\u00f3n Ciudadana,<strong> Luisa Gonz\u00e1lez<\/strong>, difundi\u00f3 este domingo un video en el que anticip\u00f3 su intenci\u00f3n de presentar una candidatura para presidir la Prefectura de Manab\u00ed, provincia considerada un basti\u00f3n hist\u00f3rico de su espacio pol\u00edtico. Gonz\u00e1lez calific\u00f3 la suspensi\u00f3n de su movimiento como una <strong>\u00abpersecuci\u00f3n pol\u00edtica\u00bb<\/strong> del Gobierno de Noboa y acus\u00f3 al mandatario de amenazar a otras organizaciones para impedir que respalden al colectivo opositor.<\/p>\n\n\n\n<p>Para Yasunidos, el alcance de estas medidas podr\u00eda exceder a los partidos directamente afectados y proyectarse sobre otros sectores de la sociedad civil. \u00abHoy se sanciona a organizaciones pol\u00edticas; ma\u00f1ana puede alcanzar a cualquier expresi\u00f3n ciudadana\u00bb, advirti\u00f3 la organizaci\u00f3n, al alertar sobre un posible<strong> efecto expansivo contra actores sociales<\/strong>, movimientos ciudadanos y voces cr\u00edticas en Ecuador.<\/p>","protected":false},"excerpt":{"rendered":"<p>La organizaci\u00f3n Yasunidos cuestion\u00f3 este lunes la cancelaci\u00f3n de los partidos Unidad Popular y Construye por parte del Consejo Nacional Electoral de Ecuador y calific\u00f3 la medida como \u00abirregular\u00bb. Seg\u00fan el colectivo, la decisi\u00f3n representa un retroceso democr\u00e1tico y una se\u00f1al preocupante de restricci\u00f3n del pluralismo pol\u00edtico en el pa\u00eds. Desde la organizaci\u00f3n advirtieron que [&hellip;]<\/p>\n","protected":false},"author":3,"featured_media":4080,"comment_status":"open","ping_status":"open","sticky":false,"template":"","format":"standard","meta":{"footnotes":""},"categories":[],"tags":[],"class_list":["post-4079","post","type-post","status-publish","format-standard","has-post-thumbnail","hentry"],"yoast_head":"<!-- This site is optimized with the Yoast SEO plugin v27.5 - https:\/\/yoast.com\/product\/yoast-seo-wordpress\/ -->\n<title>Ecuador: denuncia un retroceso democr\u00e1tico tras la cancelaci\u00f3n de Unidad Popular y Construye - Horizonte Multipolar<\/title>\n<meta name=\"description\" content=\"Yasunidos denunci\u00f3 la cancelaci\u00f3n de Unidad Popular y Construye por el CNE y advirti\u00f3 sobre un retroceso democr\u00e1tico en Ecuador bajo el Gobierno de Daniel Noboa.\" \/>\n<meta name=\"robots\" content=\"index, follow, max-snippet:-1, max-image-preview:large, max-video-preview:-1\" \/>\n<link rel=\"canonical\" href=\"https:\/\/horizontemultipolar.com\/pt\/ecuador-denuncia-un-retroceso-democratico-tras-la-cancelacion-de-unidad-popular-y-construye\/\" \/>\n<meta property=\"og:locale\" content=\"pt_BR\" \/>\n<meta property=\"og:type\" content=\"article\" \/>\n<meta property=\"og:title\" content=\"Ecuador: denuncia un retroceso democr\u00e1tico tras la cancelaci\u00f3n de Unidad Popular y Construye - Horizonte Multipolar\" \/>\n<meta property=\"og:description\" content=\"Yasunidos denunci\u00f3 la cancelaci\u00f3n de Unidad Popular y Construye por el CNE y advirti\u00f3 sobre un retroceso democr\u00e1tico en Ecuador bajo el Gobierno de Daniel Noboa.\" \/>\n<meta property=\"og:url\" content=\"https:\/\/horizontemultipolar.com\/pt\/ecuador-denuncia-un-retroceso-democratico-tras-la-cancelacion-de-unidad-popular-y-construye\/\" \/>\n<meta property=\"og:site_name\" content=\"Horizonte Multipolar\" \/>\n<meta property=\"article:published_time\" content=\"2026-04-28T12:06:30+00:00\" \/>\n<meta property=\"article:modified_time\" content=\"2026-04-28T12:06:31+00:00\" \/>\n<meta property=\"og:image\" content=\"https:\/\/horizontemultipolar.com\/wp-content\/uploads\/2026\/04\/ecuador-protestasjpg.webp\" \/>\n\t<meta property=\"og:image:width\" content=\"1200\" \/>\n\t<meta property=\"og:image:height\" content=\"675\" \/>\n\t<meta property=\"og:image:type\" content=\"image\/webp\" \/>\n<meta name=\"author\" content=\"Santiago Caetano\" \/>\n<meta name=\"twitter:card\" content=\"summary_large_image\" \/>\n<meta name=\"twitter:label1\" content=\"Escrito por\" \/>\n\t<meta name=\"twitter:data1\" content=\"Santiago Caetano\" \/>\n\t<meta name=\"twitter:label2\" content=\"Est. tempo de leitura\" \/>\n\t<meta name=\"twitter:data2\" content=\"3 minutos\" \/>\n<script type=\"application\/ld+json\" class=\"yoast-schema-graph\">{\"@context\":\"https:\\\/\\\/schema.org\",\"@graph\":[{\"@type\":\"Article\",\"@id\":\"https:\\\/\\\/horizontemultipolar.com\\\/ecuador-denuncia-un-retroceso-democratico-tras-la-cancelacion-de-unidad-popular-y-construye\\\/#article\",\"isPartOf\":{\"@id\":\"https:\\\/\\\/horizontemultipolar.com\\\/ecuador-denuncia-un-retroceso-democratico-tras-la-cancelacion-de-unidad-popular-y-construye\\\/\"},\"author\":{\"name\":\"Santiago Caetano\",\"@id\":\"https:\\\/\\\/horizontemultipolar.com\\\/#\\\/schema\\\/person\\\/973f0bb7e3210cce5382e1aba243a6dc\"},\"headline\":\"Ecuador: denuncia un retroceso democr\u00e1tico tras la cancelaci\u00f3n de Unidad Popular y Construye\",\"datePublished\":\"2026-04-28T12:06:30+00:00\",\"dateModified\":\"2026-04-28T12:06:31+00:00\",\"mainEntityOfPage\":{\"@id\":\"https:\\\/\\\/horizontemultipolar.com\\\/ecuador-denuncia-un-retroceso-democratico-tras-la-cancelacion-de-unidad-popular-y-construye\\\/\"},\"wordCount\":671,\"commentCount\":0,\"publisher\":{\"@id\":\"https:\\\/\\\/horizontemultipolar.com\\\/#organization\"},\"image\":{\"@id\":\"https:\\\/\\\/horizontemultipolar.com\\\/ecuador-denuncia-un-retroceso-democratico-tras-la-cancelacion-de-unidad-popular-y-construye\\\/#primaryimage\"},\"thumbnailUrl\":\"https:\\\/\\\/horizontemultipolar.com\\\/wp-content\\\/uploads\\\/2026\\\/04\\\/ecuador-protestasjpg.webp\",\"inLanguage\":\"pt-BR\",\"potentialAction\":[{\"@type\":\"CommentAction\",\"name\":\"Comment\",\"target\":[\"https:\\\/\\\/horizontemultipolar.com\\\/ecuador-denuncia-un-retroceso-democratico-tras-la-cancelacion-de-unidad-popular-y-construye\\\/#respond\"]}]},{\"@type\":\"WebPage\",\"@id\":\"https:\\\/\\\/horizontemultipolar.com\\\/ecuador-denuncia-un-retroceso-democratico-tras-la-cancelacion-de-unidad-popular-y-construye\\\/\",\"url\":\"https:\\\/\\\/horizontemultipolar.com\\\/ecuador-denuncia-un-retroceso-democratico-tras-la-cancelacion-de-unidad-popular-y-construye\\\/\",\"name\":\"Ecuador: denuncia un retroceso democr\u00e1tico tras la cancelaci\u00f3n de Unidad Popular y Construye - Horizonte Multipolar\",\"isPartOf\":{\"@id\":\"https:\\\/\\\/horizontemultipolar.com\\\/#website\"},\"primaryImageOfPage\":{\"@id\":\"https:\\\/\\\/horizontemultipolar.com\\\/ecuador-denuncia-un-retroceso-democratico-tras-la-cancelacion-de-unidad-popular-y-construye\\\/#primaryimage\"},\"image\":{\"@id\":\"https:\\\/\\\/horizontemultipolar.com\\\/ecuador-denuncia-un-retroceso-democratico-tras-la-cancelacion-de-unidad-popular-y-construye\\\/#primaryimage\"},\"thumbnailUrl\":\"https:\\\/\\\/horizontemultipolar.com\\\/wp-content\\\/uploads\\\/2026\\\/04\\\/ecuador-protestasjpg.webp\",\"datePublished\":\"2026-04-28T12:06:30+00:00\",\"dateModified\":\"2026-04-28T12:06:31+00:00\",\"description\":\"Yasunidos denunci\u00f3 la cancelaci\u00f3n de Unidad Popular y Construye por el CNE y advirti\u00f3 sobre un retroceso democr\u00e1tico en Ecuador bajo el Gobierno de Daniel Noboa.\",\"breadcrumb\":{\"@id\":\"https:\\\/\\\/horizontemultipolar.com\\\/ecuador-denuncia-un-retroceso-democratico-tras-la-cancelacion-de-unidad-popular-y-construye\\\/#breadcrumb\"},\"inLanguage\":\"pt-BR\",\"potentialAction\":[{\"@type\":\"ReadAction\",\"target\":[\"https:\\\/\\\/horizontemultipolar.com\\\/ecuador-denuncia-un-retroceso-democratico-tras-la-cancelacion-de-unidad-popular-y-construye\\\/\"]}]},{\"@type\":\"ImageObject\",\"inLanguage\":\"pt-BR\",\"@id\":\"https:\\\/\\\/horizontemultipolar.com\\\/ecuador-denuncia-un-retroceso-democratico-tras-la-cancelacion-de-unidad-popular-y-construye\\\/#primaryimage\",\"url\":\"https:\\\/\\\/horizontemultipolar.com\\\/wp-content\\\/uploads\\\/2026\\\/04\\\/ecuador-protestasjpg.webp\",\"contentUrl\":\"https:\\\/\\\/horizontemultipolar.com\\\/wp-content\\\/uploads\\\/2026\\\/04\\\/ecuador-protestasjpg.webp\",\"width\":1200,\"height\":675},{\"@type\":\"BreadcrumbList\",\"@id\":\"https:\\\/\\\/horizontemultipolar.com\\\/ecuador-denuncia-un-retroceso-democratico-tras-la-cancelacion-de-unidad-popular-y-construye\\\/#breadcrumb\",\"itemListElement\":[{\"@type\":\"ListItem\",\"position\":1,\"name\":\"Portada\",\"item\":\"https:\\\/\\\/horizontemultipolar.com\\\/\"},{\"@type\":\"ListItem\",\"position\":2,\"name\":\"Ecuador: denuncia un retroceso democr\u00e1tico tras la cancelaci\u00f3n de Unidad Popular y Construye\"}]},{\"@type\":\"WebSite\",\"@id\":\"https:\\\/\\\/horizontemultipolar.com\\\/#website\",\"url\":\"https:\\\/\\\/horizontemultipolar.com\\\/\",\"name\":\"Horizonte Multipolar\",\"description\":\"\",\"publisher\":{\"@id\":\"https:\\\/\\\/horizontemultipolar.com\\\/#organization\"},\"potentialAction\":[{\"@type\":\"SearchAction\",\"target\":{\"@type\":\"EntryPoint\",\"urlTemplate\":\"https:\\\/\\\/horizontemultipolar.com\\\/?s={search_term_string}\"},\"query-input\":{\"@type\":\"PropertyValueSpecification\",\"valueRequired\":true,\"valueName\":\"search_term_string\"}}],\"inLanguage\":\"pt-BR\"},{\"@type\":\"Organization\",\"@id\":\"https:\\\/\\\/horizontemultipolar.com\\\/#organization\",\"name\":\"Horizonte Multipolar\",\"url\":\"https:\\\/\\\/horizontemultipolar.com\\\/\",\"logo\":{\"@type\":\"ImageObject\",\"inLanguage\":\"pt-BR\",\"@id\":\"https:\\\/\\\/horizontemultipolar.com\\\/#\\\/schema\\\/logo\\\/image\\\/\",\"url\":\"https:\\\/\\\/horizontemultipolar.com\\\/wp-content\\\/uploads\\\/2024\\\/10\\\/cropped-horizontemultipolar-2.png\",\"contentUrl\":\"https:\\\/\\\/horizontemultipolar.com\\\/wp-content\\\/uploads\\\/2024\\\/10\\\/cropped-horizontemultipolar-2.png\",\"width\":856,\"height\":322,\"caption\":\"Horizonte Multipolar\"},\"image\":{\"@id\":\"https:\\\/\\\/horizontemultipolar.com\\\/#\\\/schema\\\/logo\\\/image\\\/\"}},{\"@type\":\"Person\",\"@id\":\"https:\\\/\\\/horizontemultipolar.com\\\/#\\\/schema\\\/person\\\/973f0bb7e3210cce5382e1aba243a6dc\",\"name\":\"Santiago Caetano\",\"image\":{\"@type\":\"ImageObject\",\"inLanguage\":\"pt-BR\",\"@id\":\"https:\\\/\\\/secure.gravatar.com\\\/avatar\\\/849f76a8cda674b37e2d1d847635dca1fc68ce0ef9457eb4cda9c270a099bea3?s=96&d=mm&r=g\",\"url\":\"https:\\\/\\\/secure.gravatar.com\\\/avatar\\\/849f76a8cda674b37e2d1d847635dca1fc68ce0ef9457eb4cda9c270a099bea3?s=96&d=mm&r=g\",\"contentUrl\":\"https:\\\/\\\/secure.gravatar.com\\\/avatar\\\/849f76a8cda674b37e2d1d847635dca1fc68ce0ef9457eb4cda9c270a099bea3?s=96&d=mm&r=g\",\"caption\":\"Santiago Caetano\"},\"url\":\"https:\\\/\\\/horizontemultipolar.com\\\/pt\\\/author\\\/santiago\\\/\"}]}<\/script>\n<!-- \/ Yoast SEO plugin. -->","yoast_head_json":{"title":"Ecuador: denuncia un retroceso democr\u00e1tico tras la cancelaci\u00f3n de Unidad Popular y Construye - Horizonte Multipolar","description":"Yasunidos denunci\u00f3 la cancelaci\u00f3n de Unidad Popular y Construye por el CNE y advirti\u00f3 sobre un retroceso democr\u00e1tico en Ecuador bajo el Gobierno de Daniel Noboa.","robots":{"index":"index","follow":"follow","max-snippet":"max-snippet:-1","max-image-preview":"max-image-preview:large","max-video-preview":"max-video-preview:-1"},"canonical":"https:\/\/horizontemultipolar.com\/pt\/ecuador-denuncia-un-retroceso-democratico-tras-la-cancelacion-de-unidad-popular-y-construye\/","og_locale":"pt_BR","og_type":"article","og_title":"Ecuador: denuncia un retroceso democr\u00e1tico tras la cancelaci\u00f3n de Unidad Popular y Construye - Horizonte Multipolar","og_description":"Yasunidos denunci\u00f3 la cancelaci\u00f3n de Unidad Popular y Construye por el CNE y advirti\u00f3 sobre un retroceso democr\u00e1tico en Ecuador bajo el Gobierno de Daniel Noboa.","og_url":"https:\/\/horizontemultipolar.com\/pt\/ecuador-denuncia-un-retroceso-democratico-tras-la-cancelacion-de-unidad-popular-y-construye\/","og_site_name":"Horizonte Multipolar","article_published_time":"2026-04-28T12:06:30+00:00","article_modified_time":"2026-04-28T12:06:31+00:00","og_image":[{"width":1200,"height":675,"url":"https:\/\/horizontemultipolar.com\/wp-content\/uploads\/2026\/04\/ecuador-protestasjpg.webp","type":"image\/webp"}],"author":"Santiago Caetano","twitter_card":"summary_large_image","twitter_misc":{"Escrito por":"Santiago Caetano","Est. tempo de leitura":"3 minutos"},"schema":{"@context":"https:\/\/schema.org","@graph":[{"@type":"Article","@id":"https:\/\/horizontemultipolar.com\/ecuador-denuncia-un-retroceso-democratico-tras-la-cancelacion-de-unidad-popular-y-construye\/#article","isPartOf":{"@id":"https:\/\/horizontemultipolar.com\/ecuador-denuncia-un-retroceso-democratico-tras-la-cancelacion-de-unidad-popular-y-construye\/"},"author":{"name":"Santiago Caetano","@id":"https:\/\/horizontemultipolar.com\/#\/schema\/person\/973f0bb7e3210cce5382e1aba243a6dc"},"headline":"Ecuador: denuncia un retroceso democr\u00e1tico tras la cancelaci\u00f3n de Unidad Popular y Construye","datePublished":"2026-04-28T12:06:30+00:00","dateModified":"2026-04-28T12:06:31+00:00","mainEntityOfPage":{"@id":"https:\/\/horizontemultipolar.com\/ecuador-denuncia-un-retroceso-democratico-tras-la-cancelacion-de-unidad-popular-y-construye\/"},"wordCount":671,"commentCount":0,"publisher":{"@id":"https:\/\/horizontemultipolar.com\/#organization"},"image":{"@id":"https:\/\/horizontemultipolar.com\/ecuador-denuncia-un-retroceso-democratico-tras-la-cancelacion-de-unidad-popular-y-construye\/#primaryimage"},"thumbnailUrl":"https:\/\/horizontemultipolar.com\/wp-content\/uploads\/2026\/04\/ecuador-protestasjpg.webp","inLanguage":"pt-BR","potentialAction":[{"@type":"CommentAction","name":"Comment","target":["https:\/\/horizontemultipolar.com\/ecuador-denuncia-un-retroceso-democratico-tras-la-cancelacion-de-unidad-popular-y-construye\/#respond"]}]},{"@type":"WebPage","@id":"https:\/\/horizontemultipolar.com\/ecuador-denuncia-un-retroceso-democratico-tras-la-cancelacion-de-unidad-popular-y-construye\/","url":"https:\/\/horizontemultipolar.com\/ecuador-denuncia-un-retroceso-democratico-tras-la-cancelacion-de-unidad-popular-y-construye\/","name":"Ecuador: denuncia un retroceso democr\u00e1tico tras la cancelaci\u00f3n de Unidad Popular y Construye - Horizonte Multipolar","isPartOf":{"@id":"https:\/\/horizontemultipolar.com\/#website"},"primaryImageOfPage":{"@id":"https:\/\/horizontemultipolar.com\/ecuador-denuncia-un-retroceso-democratico-tras-la-cancelacion-de-unidad-popular-y-construye\/#primaryimage"},"image":{"@id":"https:\/\/horizontemultipolar.com\/ecuador-denuncia-un-retroceso-democratico-tras-la-cancelacion-de-unidad-popular-y-construye\/#primaryimage"},"thumbnailUrl":"https:\/\/horizontemultipolar.com\/wp-content\/uploads\/2026\/04\/ecuador-protestasjpg.webp","datePublished":"2026-04-28T12:06:30+00:00","dateModified":"2026-04-28T12:06:31+00:00","description":"Yasunidos denunci\u00f3 la cancelaci\u00f3n de Unidad Popular y Construye por el CNE y advirti\u00f3 sobre un retroceso democr\u00e1tico en Ecuador bajo el Gobierno de Daniel Noboa.","breadcrumb":{"@id":"https:\/\/horizontemultipolar.com\/ecuador-denuncia-un-retroceso-democratico-tras-la-cancelacion-de-unidad-popular-y-construye\/#breadcrumb"},"inLanguage":"pt-BR","potentialAction":[{"@type":"ReadAction","target":["https:\/\/horizontemultipolar.com\/ecuador-denuncia-un-retroceso-democratico-tras-la-cancelacion-de-unidad-popular-y-construye\/"]}]},{"@type":"ImageObject","inLanguage":"pt-BR","@id":"https:\/\/horizontemultipolar.com\/ecuador-denuncia-un-retroceso-democratico-tras-la-cancelacion-de-unidad-popular-y-construye\/#primaryimage","url":"https:\/\/horizontemultipolar.com\/wp-content\/uploads\/2026\/04\/ecuador-protestasjpg.webp","contentUrl":"https:\/\/horizontemultipolar.com\/wp-content\/uploads\/2026\/04\/ecuador-protestasjpg.webp","width":1200,"height":675},{"@type":"BreadcrumbList","@id":"https:\/\/horizontemultipolar.com\/ecuador-denuncia-un-retroceso-democratico-tras-la-cancelacion-de-unidad-popular-y-construye\/#breadcrumb","itemListElement":[{"@type":"ListItem","position":1,"name":"Portada","item":"https:\/\/horizontemultipolar.com\/"},{"@type":"ListItem","position":2,"name":"Ecuador: denuncia un retroceso democr\u00e1tico tras la cancelaci\u00f3n de Unidad Popular y Construye"}]},{"@type":"WebSite","@id":"https:\/\/horizontemultipolar.com\/#website","url":"https:\/\/horizontemultipolar.com\/","name":"Horizonte Multipolar","description":"","publisher":{"@id":"https:\/\/horizontemultipolar.com\/#organization"},"potentialAction":[{"@type":"SearchAction","target":{"@type":"EntryPoint","urlTemplate":"https:\/\/horizontemultipolar.com\/?s={search_term_string}"},"query-input":{"@type":"PropertyValueSpecification","valueRequired":true,"valueName":"search_term_string"}}],"inLanguage":"pt-BR"},{"@type":"Organization","@id":"https:\/\/horizontemultipolar.com\/#organization","name":"Horizonte Multipolar","url":"https:\/\/horizontemultipolar.com\/","logo":{"@type":"ImageObject","inLanguage":"pt-BR","@id":"https:\/\/horizontemultipolar.com\/#\/schema\/logo\/image\/","url":"https:\/\/horizontemultipolar.com\/wp-content\/uploads\/2024\/10\/cropped-horizontemultipolar-2.png","contentUrl":"https:\/\/horizontemultipolar.com\/wp-content\/uploads\/2024\/10\/cropped-horizontemultipolar-2.png","width":856,"height":322,"caption":"Horizonte Multipolar"},"image":{"@id":"https:\/\/horizontemultipolar.com\/#\/schema\/logo\/image\/"}},{"@type":"Person","@id":"https:\/\/horizontemultipolar.com\/#\/schema\/person\/973f0bb7e3210cce5382e1aba243a6dc","name":"Santiago Caetano","image":{"@type":"ImageObject","inLanguage":"pt-BR","@id":"https:\/\/secure.gravatar.com\/avatar\/849f76a8cda674b37e2d1d847635dca1fc68ce0ef9457eb4cda9c270a099bea3?s=96&d=mm&r=g","url":"https:\/\/secure.gravatar.com\/avatar\/849f76a8cda674b37e2d1d847635dca1fc68ce0ef9457eb4cda9c270a099bea3?s=96&d=mm&r=g","contentUrl":"https:\/\/secure.gravatar.com\/avatar\/849f76a8cda674b37e2d1d847635dca1fc68ce0ef9457eb4cda9c270a099bea3?s=96&d=mm&r=g","caption":"Santiago Caetano"},"url":"https:\/\/horizontemultipolar.com\/pt\/author\/santiago\/"}]}},"_links":{"self":[{"href":"https:\/\/horizontemultipolar.com\/pt\/wp-json\/wp\/v2\/posts\/4079","targetHints":{"allow":["GET"]}}],"collection":[{"href":"https:\/\/horizontemultipolar.com\/pt\/wp-json\/wp\/v2\/posts"}],"about":[{"href":"https:\/\/horizontemultipolar.com\/pt\/wp-json\/wp\/v2\/types\/post"}],"author":[{"embeddable":true,"href":"https:\/\/horizontemultipolar.com\/pt\/wp-json\/wp\/v2\/users\/3"}],"replies":[{"embeddable":true,"href":"https:\/\/horizontemultipolar.com\/pt\/wp-json\/wp\/v2\/comments?post=4079"}],"version-history":[{"count":1,"href":"https:\/\/horizontemultipolar.com\/pt\/wp-json\/wp\/v2\/posts\/4079\/revisions"}],"predecessor-version":[{"id":4081,"href":"https:\/\/horizontemultipolar.com\/pt\/wp-json\/wp\/v2\/posts\/4079\/revisions\/4081"}],"wp:featuredmedia":[{"embeddable":true,"href":"https:\/\/horizontemultipolar.com\/pt\/wp-json\/wp\/v2\/media\/4080"}],"wp:attachment":[{"href":"https:\/\/horizontemultipolar.com\/pt\/wp-json\/wp\/v2\/media?parent=4079"}],"wp:term":[{"taxonomy":"category","embeddable":true,"href":"https:\/\/horizontemultipolar.com\/pt\/wp-json\/wp\/v2\/categories?post=4079"},{"taxonomy":"post_tag","embeddable":true,"href":"https:\/\/horizontemultipolar.com\/pt\/wp-json\/wp\/v2\/tags?post=4079"}],"curies":[{"name":"wp","href":"https:\/\/api.w.org\/{rel}","templated":true}]}}